{"id":25271,"date":"2023-04-24T11:20:51","date_gmt":"2023-04-24T09:20:51","guid":{"rendered":"https:\/\/damara.cat\/?p=25271"},"modified":"2023-04-24T11:20:54","modified_gmt":"2023-04-24T09:20:54","slug":"la-memoria-no-consciente-de-le-nine","status":"publish","type":"post","link":"https:\/\/damara.cat\/es\/la-memoria-no-consciente-de-le-nine\/","title":{"rendered":"La memoria no consciente de le ni\u00f1e"},"content":{"rendered":"\n<p>Hace unas semanas habl\u00e1bamos de la importancia de cuidar a la madre durante el embarazo porque es en esos momentos cuando se planta la semilla de la salud mental y emocional de les m\u00e1s peque\u00f1es. Y hoy queremos incidir en la importancia de todo cuanto acontece en los primeros a\u00f1os de vida de les ni\u00f1es.<\/p>\n\n\n\n<p>Y es que todas las experiencias que viven les beb\u00e9s en la primera etapa de su vida quedan registradas en una memoria que se conoce como no consciente o impl\u00edcita. Durante el embarazo, el feto ya tiene los sentidos activos y ya siente, huele, saborea y escucha. Cuando nace ya tiene un v\u00ednculo con la madre. Ella es su \u00fanico espacio de seguridad. Si le ni\u00f1e sufre una separaci\u00f3n abrupta de la madre, si no es colocado inmediatamente sobre ella o, por alguna dificultad, es llevado a la incubadora, el sufrimiento de esta primera separaci\u00f3n queda registrada en esta memoria impl\u00edcita o no consciente.<\/p>\n\n\n\n<h5 class=\"wp-block-heading\">Construyendo buenos v\u00ednculos<\/h5>\n\n\n\n<p>Construir buenos v\u00ednculos en esta primera etapa de la vida es muy importante. Por eso, es necesario que les adultes empecemos a valorar todas las experiencias que viven les beb\u00e9s. A veces, puede parecernos que estas primeras experiencias no dejan huella en le ni\u00f1e, pero no es as\u00ed.<br><br>Todas las experiencias dejan huella, especialmente en las que no hay respeto por las necesidades de les m\u00e1s peque\u00f1es. Tambi\u00e9n debemos saber y ser conscientes de que les ni\u00f1es no vivir\u00e1n en un mundo de color de rosa y que, por tanto, las experiencias con dolor y dificultad forman parte de la vida. De manera que hay que tener muy presente que une ni\u00f1e sometido desde muy peque\u00f1e a situaciones adversas tendr\u00e1 una marca en la personalidad y un cierre hacia la vida. La evoluci\u00f3n de un ni\u00f1e se da en etapas sucesivas y esta, la que ve de los 0 a los 6 a\u00f1os, resulta la m\u00e1s sensible de todas porque es cuando se construyen los pilares de la estructura psicol\u00f3gica de le ni\u00f1e. La escritora y terapeuta Ev\u00e2nia Reichert la define como la etapa de los \u2018a\u00f1os sagrados de la infancia\u2019.<\/p>\n\n\n\n<figure class=\"wp-block-image size-full\"><img loading=\"lazy\" decoding=\"async\" width=\"900\" height=\"450\" src=\"https:\/\/damara.cat\/wp-content\/uploads\/2023\/04\/PLANTILLA-BLOG-1-2.png\" alt=\"\" class=\"wp-image-25272\" srcset=\"https:\/\/damara.cat\/wp-content\/uploads\/2023\/04\/PLANTILLA-BLOG-1-2.png 900w, https:\/\/damara.cat\/wp-content\/uploads\/2023\/04\/PLANTILLA-BLOG-1-2-480x240.png 480w\" sizes=\"(min-width: 0px) and (max-width: 480px) 480px, (min-width: 481px) 900px, 100vw\" \/><\/figure>\n\n\n\n<h5 class=\"wp-block-heading\">Necesidades de une ni\u00f1e en sus a\u00f1os \u2018sagrados\u2019<\/h5>\n\n\n\n<p>Necesidades b\u00e1sicas a parte \u2013 alimentaci\u00f3n, higiene\u2026-, la primera y principal necesidad de une ni\u00f1e es la disponibilidad afectiva de la persona gestante o cuidadora. Si le ni\u00f1e se siente mirado, acogido, atendido y con disponibilidad f\u00edsica, su desarrollo ir\u00e1 hacia delante. Cuando esto no sucede y le ni\u00f1e llora porque no est\u00e1 atendide por une adulte \u2013 por ejemplo, cuando necesita ser cambiado-, su sistema nervioso se ver\u00e1 alterado ya que por elle misme no puede hacerlo. Y es que no debemos olvidar que les beb\u00e9s no pueden regularse soles. Lo ir\u00e1n haciendo poco a poco, pero la manera variar\u00e1 en funci\u00f3n de si ha habido alguna persona adulta suficientemente emp\u00e1tica para atenderle.<br><br>Por eso, desde Damara defendemos que el alimento m\u00e1s nutritivo que podemos darles en esta primera etapa es una presencia y disponibilidad constante, una proximidad emocional y emp\u00e1tica para poder atender todas sus necesidades, y la m\u00e1xima cantidad de amor y contacto que podamos ofrecerle.<br><\/p>\n","protected":false},"excerpt":{"rendered":"<p>Hace unas semanas habl\u00e1bamos de la importancia de cuidar a la madre durante el embarazo porque es en esos momentos cuando se planta la semilla de la salud mental y emocional de les m\u00e1s peque\u00f1es. Y hoy queremos incidir en la importancia de todo cuanto acontece en los primeros a\u00f1os de vida de les ni\u00f1es. [&hellip;]<\/p>\n","protected":false},"author":4,"featured_media":25269,"comment_status":"closed","ping_status":"closed","sticky":false,"template":"","format":"standard","meta":{"_et_pb_use_builder":"","_et_pb_old_content":"","_et_gb_content_width":"","_joinchat":[],"footnotes":""},"categories":[37],"tags":[],"class_list":["post-25271","post","type-post","status-publish","format-standard","has-post-thumbnail","hentry","category-ninos-y-familias"],"yoast_head":"<!-- This site is optimized with the Yoast SEO plugin v27.4 - https:\/\/yoast.com\/product\/yoast-seo-wordpress\/ -->\n<title>La memoria no consciente de le ni\u00f1e<\/title>\n<meta name=\"description\" content=\"Todas las experiencias que viven les beb\u00e9s en la primera etapa de su vida quedan registradas en la memoria no consciente o impl\u00edcita\" \/>\n<meta name=\"robots\" content=\"index, follow, max-snippet:-1, max-image-preview:large, max-video-preview:-1\" \/>\n<link rel=\"canonical\" href=\"https:\/\/damara.cat\/es\/la-memoria-no-consciente-de-le-nine\/\" \/>\n<meta property=\"og:locale\" content=\"es_ES\" \/>\n<meta property=\"og:type\" content=\"article\" \/>\n<meta property=\"og:title\" content=\"La memoria no consciente de le ni\u00f1e\" \/>\n<meta property=\"og:description\" content=\"Todas las experiencias que viven les beb\u00e9s en la primera etapa de su vida quedan registradas en la memoria no consciente o impl\u00edcita\" \/>\n<meta property=\"og:url\" content=\"https:\/\/damara.cat\/es\/la-memoria-no-consciente-de-le-nine\/\" \/>\n<meta property=\"og:site_name\" content=\"Damara\" \/>\n<meta property=\"article:publisher\" content=\"https:\/\/www.facebook.com\/damara.cat\/\" \/>\n<meta property=\"article:published_time\" content=\"2023-04-24T09:20:51+00:00\" \/>\n<meta property=\"article:modified_time\" content=\"2023-04-24T09:20:54+00:00\" \/>\n<meta property=\"og:image\" content=\"https:\/\/damara.cat\/wp-content\/uploads\/2023\/04\/PLANTILLA-BLOG-1-1.png\" \/>\n\t<meta property=\"og:image:width\" content=\"900\" \/>\n\t<meta property=\"og:image:height\" content=\"450\" \/>\n\t<meta property=\"og:image:type\" content=\"image\/png\" \/>\n<meta name=\"author\" content=\"Damara\" \/>\n<meta name=\"twitter:card\" content=\"summary_large_image\" \/>\n<meta name=\"twitter:label1\" content=\"Escrito por\" \/>\n\t<meta name=\"twitter:data1\" content=\"Damara\" \/>\n\t<meta name=\"twitter:label2\" content=\"Tiempo de lectura\" \/>\n\t<meta name=\"twitter:data2\" content=\"4 minutos\" \/>\n<script type=\"application\/ld+json\" class=\"yoast-schema-graph\">{\"@context\":\"https:\\\/\\\/schema.org\",\"@graph\":[{\"@type\":\"Article\",\"@id\":\"https:\\\/\\\/damara.cat\\\/es\\\/la-memoria-no-consciente-de-le-nine\\\/#article\",\"isPartOf\":{\"@id\":\"https:\\\/\\\/damara.cat\\\/es\\\/la-memoria-no-consciente-de-le-nine\\\/\"},\"author\":{\"name\":\"Damara\",\"@id\":\"https:\\\/\\\/damara.cat\\\/es\\\/#\\\/schema\\\/person\\\/be357b9b286d46d0d4be312e87dbb6cb\"},\"headline\":\"La memoria no consciente de le ni\u00f1e\",\"datePublished\":\"2023-04-24T09:20:51+00:00\",\"dateModified\":\"2023-04-24T09:20:54+00:00\",\"mainEntityOfPage\":{\"@id\":\"https:\\\/\\\/damara.cat\\\/es\\\/la-memoria-no-consciente-de-le-nine\\\/\"},\"wordCount\":571,\"publisher\":{\"@id\":\"https:\\\/\\\/damara.cat\\\/es\\\/#organization\"},\"image\":{\"@id\":\"https:\\\/\\\/damara.cat\\\/es\\\/la-memoria-no-consciente-de-le-nine\\\/#primaryimage\"},\"thumbnailUrl\":\"https:\\\/\\\/damara.cat\\\/wp-content\\\/uploads\\\/2023\\\/04\\\/PLANTILLA-BLOG-1-1.png\",\"articleSection\":[\"ni\u00f1os y familias\"],\"inLanguage\":\"es\"},{\"@type\":\"WebPage\",\"@id\":\"https:\\\/\\\/damara.cat\\\/es\\\/la-memoria-no-consciente-de-le-nine\\\/\",\"url\":\"https:\\\/\\\/damara.cat\\\/es\\\/la-memoria-no-consciente-de-le-nine\\\/\",\"name\":\"La memoria no consciente de le ni\u00f1e\",\"isPartOf\":{\"@id\":\"https:\\\/\\\/damara.cat\\\/es\\\/#website\"},\"primaryImageOfPage\":{\"@id\":\"https:\\\/\\\/damara.cat\\\/es\\\/la-memoria-no-consciente-de-le-nine\\\/#primaryimage\"},\"image\":{\"@id\":\"https:\\\/\\\/damara.cat\\\/es\\\/la-memoria-no-consciente-de-le-nine\\\/#primaryimage\"},\"thumbnailUrl\":\"https:\\\/\\\/damara.cat\\\/wp-content\\\/uploads\\\/2023\\\/04\\\/PLANTILLA-BLOG-1-1.png\",\"datePublished\":\"2023-04-24T09:20:51+00:00\",\"dateModified\":\"2023-04-24T09:20:54+00:00\",\"description\":\"Todas las experiencias que viven les beb\u00e9s en la primera etapa de su vida quedan registradas en la memoria no consciente o impl\u00edcita\",\"breadcrumb\":{\"@id\":\"https:\\\/\\\/damara.cat\\\/es\\\/la-memoria-no-consciente-de-le-nine\\\/#breadcrumb\"},\"inLanguage\":\"es\",\"potentialAction\":[{\"@type\":\"ReadAction\",\"target\":[\"https:\\\/\\\/damara.cat\\\/es\\\/la-memoria-no-consciente-de-le-nine\\\/\"]}]},{\"@type\":\"ImageObject\",\"inLanguage\":\"es\",\"@id\":\"https:\\\/\\\/damara.cat\\\/es\\\/la-memoria-no-consciente-de-le-nine\\\/#primaryimage\",\"url\":\"https:\\\/\\\/damara.cat\\\/wp-content\\\/uploads\\\/2023\\\/04\\\/PLANTILLA-BLOG-1-1.png\",\"contentUrl\":\"https:\\\/\\\/damara.cat\\\/wp-content\\\/uploads\\\/2023\\\/04\\\/PLANTILLA-BLOG-1-1.png\",\"width\":900,\"height\":450},{\"@type\":\"BreadcrumbList\",\"@id\":\"https:\\\/\\\/damara.cat\\\/es\\\/la-memoria-no-consciente-de-le-nine\\\/#breadcrumb\",\"itemListElement\":[{\"@type\":\"ListItem\",\"position\":1,\"name\":\"Portada\",\"item\":\"https:\\\/\\\/damara.cat\\\/es\\\/\"},{\"@type\":\"ListItem\",\"position\":2,\"name\":\"La memoria no consciente de le ni\u00f1e\"}]},{\"@type\":\"WebSite\",\"@id\":\"https:\\\/\\\/damara.cat\\\/es\\\/#website\",\"url\":\"https:\\\/\\\/damara.cat\\\/es\\\/\",\"name\":\"Damara\",\"description\":\"Acompanyament a infants i fam\u00edlies\",\"publisher\":{\"@id\":\"https:\\\/\\\/damara.cat\\\/es\\\/#organization\"},\"potentialAction\":[{\"@type\":\"SearchAction\",\"target\":{\"@type\":\"EntryPoint\",\"urlTemplate\":\"https:\\\/\\\/damara.cat\\\/es\\\/?s={search_term_string}\"},\"query-input\":{\"@type\":\"PropertyValueSpecification\",\"valueRequired\":true,\"valueName\":\"search_term_string\"}}],\"inLanguage\":\"es\"},{\"@type\":\"Organization\",\"@id\":\"https:\\\/\\\/damara.cat\\\/es\\\/#organization\",\"name\":\"Damara\",\"url\":\"https:\\\/\\\/damara.cat\\\/es\\\/\",\"logo\":{\"@type\":\"ImageObject\",\"inLanguage\":\"es\",\"@id\":\"https:\\\/\\\/damara.cat\\\/es\\\/#\\\/schema\\\/logo\\\/image\\\/\",\"url\":\"https:\\\/\\\/damara.cat\\\/wp-content\\\/uploads\\\/2019\\\/03\\\/Damara-acompanyament-a-infants-i-families-1000-2.png\",\"contentUrl\":\"https:\\\/\\\/damara.cat\\\/wp-content\\\/uploads\\\/2019\\\/03\\\/Damara-acompanyament-a-infants-i-families-1000-2.png\",\"width\":1000,\"height\":538,\"caption\":\"Damara\"},\"image\":{\"@id\":\"https:\\\/\\\/damara.cat\\\/es\\\/#\\\/schema\\\/logo\\\/image\\\/\"},\"sameAs\":[\"https:\\\/\\\/www.facebook.com\\\/damara.cat\\\/\"]},{\"@type\":\"Person\",\"@id\":\"https:\\\/\\\/damara.cat\\\/es\\\/#\\\/schema\\\/person\\\/be357b9b286d46d0d4be312e87dbb6cb\",\"name\":\"Damara\",\"image\":{\"@type\":\"ImageObject\",\"inLanguage\":\"es\",\"@id\":\"https:\\\/\\\/secure.gravatar.com\\\/avatar\\\/f85b2e6190c037f7ffd5eee1e37bdde00fd4de820fab3b8141ebc35eee92b369?s=96&d=mm&r=g\",\"url\":\"https:\\\/\\\/secure.gravatar.com\\\/avatar\\\/f85b2e6190c037f7ffd5eee1e37bdde00fd4de820fab3b8141ebc35eee92b369?s=96&d=mm&r=g\",\"contentUrl\":\"https:\\\/\\\/secure.gravatar.com\\\/avatar\\\/f85b2e6190c037f7ffd5eee1e37bdde00fd4de820fab3b8141ebc35eee92b369?s=96&d=mm&r=g\",\"caption\":\"Damara\"},\"sameAs\":[\"https:\\\/\\\/damara.cat\"]}]}<\/script>\n<!-- \/ Yoast SEO plugin. -->","yoast_head_json":{"title":"La memoria no consciente de le ni\u00f1e","description":"Todas las experiencias que viven les beb\u00e9s en la primera etapa de su vida quedan registradas en la memoria no consciente o impl\u00edcita","robots":{"index":"index","follow":"follow","max-snippet":"max-snippet:-1","max-image-preview":"max-image-preview:large","max-video-preview":"max-video-preview:-1"},"canonical":"https:\/\/damara.cat\/es\/la-memoria-no-consciente-de-le-nine\/","og_locale":"es_ES","og_type":"article","og_title":"La memoria no consciente de le ni\u00f1e","og_description":"Todas las experiencias que viven les beb\u00e9s en la primera etapa de su vida quedan registradas en la memoria no consciente o impl\u00edcita","og_url":"https:\/\/damara.cat\/es\/la-memoria-no-consciente-de-le-nine\/","og_site_name":"Damara","article_publisher":"https:\/\/www.facebook.com\/damara.cat\/","article_published_time":"2023-04-24T09:20:51+00:00","article_modified_time":"2023-04-24T09:20:54+00:00","og_image":[{"width":900,"height":450,"url":"https:\/\/damara.cat\/wp-content\/uploads\/2023\/04\/PLANTILLA-BLOG-1-1.png","type":"image\/png"}],"author":"Damara","twitter_card":"summary_large_image","twitter_misc":{"Escrito por":"Damara","Tiempo de lectura":"4 minutos"},"schema":{"@context":"https:\/\/schema.org","@graph":[{"@type":"Article","@id":"https:\/\/damara.cat\/es\/la-memoria-no-consciente-de-le-nine\/#article","isPartOf":{"@id":"https:\/\/damara.cat\/es\/la-memoria-no-consciente-de-le-nine\/"},"author":{"name":"Damara","@id":"https:\/\/damara.cat\/es\/#\/schema\/person\/be357b9b286d46d0d4be312e87dbb6cb"},"headline":"La memoria no consciente de le ni\u00f1e","datePublished":"2023-04-24T09:20:51+00:00","dateModified":"2023-04-24T09:20:54+00:00","mainEntityOfPage":{"@id":"https:\/\/damara.cat\/es\/la-memoria-no-consciente-de-le-nine\/"},"wordCount":571,"publisher":{"@id":"https:\/\/damara.cat\/es\/#organization"},"image":{"@id":"https:\/\/damara.cat\/es\/la-memoria-no-consciente-de-le-nine\/#primaryimage"},"thumbnailUrl":"https:\/\/damara.cat\/wp-content\/uploads\/2023\/04\/PLANTILLA-BLOG-1-1.png","articleSection":["ni\u00f1os y familias"],"inLanguage":"es"},{"@type":"WebPage","@id":"https:\/\/damara.cat\/es\/la-memoria-no-consciente-de-le-nine\/","url":"https:\/\/damara.cat\/es\/la-memoria-no-consciente-de-le-nine\/","name":"La memoria no consciente de le ni\u00f1e","isPartOf":{"@id":"https:\/\/damara.cat\/es\/#website"},"primaryImageOfPage":{"@id":"https:\/\/damara.cat\/es\/la-memoria-no-consciente-de-le-nine\/#primaryimage"},"image":{"@id":"https:\/\/damara.cat\/es\/la-memoria-no-consciente-de-le-nine\/#primaryimage"},"thumbnailUrl":"https:\/\/damara.cat\/wp-content\/uploads\/2023\/04\/PLANTILLA-BLOG-1-1.png","datePublished":"2023-04-24T09:20:51+00:00","dateModified":"2023-04-24T09:20:54+00:00","description":"Todas las experiencias que viven les beb\u00e9s en la primera etapa de su vida quedan registradas en la memoria no consciente o impl\u00edcita","breadcrumb":{"@id":"https:\/\/damara.cat\/es\/la-memoria-no-consciente-de-le-nine\/#breadcrumb"},"inLanguage":"es","potentialAction":[{"@type":"ReadAction","target":["https:\/\/damara.cat\/es\/la-memoria-no-consciente-de-le-nine\/"]}]},{"@type":"ImageObject","inLanguage":"es","@id":"https:\/\/damara.cat\/es\/la-memoria-no-consciente-de-le-nine\/#primaryimage","url":"https:\/\/damara.cat\/wp-content\/uploads\/2023\/04\/PLANTILLA-BLOG-1-1.png","contentUrl":"https:\/\/damara.cat\/wp-content\/uploads\/2023\/04\/PLANTILLA-BLOG-1-1.png","width":900,"height":450},{"@type":"BreadcrumbList","@id":"https:\/\/damara.cat\/es\/la-memoria-no-consciente-de-le-nine\/#breadcrumb","itemListElement":[{"@type":"ListItem","position":1,"name":"Portada","item":"https:\/\/damara.cat\/es\/"},{"@type":"ListItem","position":2,"name":"La memoria no consciente de le ni\u00f1e"}]},{"@type":"WebSite","@id":"https:\/\/damara.cat\/es\/#website","url":"https:\/\/damara.cat\/es\/","name":"Damara","description":"Acompanyament a infants i fam\u00edlies","publisher":{"@id":"https:\/\/damara.cat\/es\/#organization"},"potentialAction":[{"@type":"SearchAction","target":{"@type":"EntryPoint","urlTemplate":"https:\/\/damara.cat\/es\/?s={search_term_string}"},"query-input":{"@type":"PropertyValueSpecification","valueRequired":true,"valueName":"search_term_string"}}],"inLanguage":"es"},{"@type":"Organization","@id":"https:\/\/damara.cat\/es\/#organization","name":"Damara","url":"https:\/\/damara.cat\/es\/","logo":{"@type":"ImageObject","inLanguage":"es","@id":"https:\/\/damara.cat\/es\/#\/schema\/logo\/image\/","url":"https:\/\/damara.cat\/wp-content\/uploads\/2019\/03\/Damara-acompanyament-a-infants-i-families-1000-2.png","contentUrl":"https:\/\/damara.cat\/wp-content\/uploads\/2019\/03\/Damara-acompanyament-a-infants-i-families-1000-2.png","width":1000,"height":538,"caption":"Damara"},"image":{"@id":"https:\/\/damara.cat\/es\/#\/schema\/logo\/image\/"},"sameAs":["https:\/\/www.facebook.com\/damara.cat\/"]},{"@type":"Person","@id":"https:\/\/damara.cat\/es\/#\/schema\/person\/be357b9b286d46d0d4be312e87dbb6cb","name":"Damara","image":{"@type":"ImageObject","inLanguage":"es","@id":"https:\/\/secure.gravatar.com\/avatar\/f85b2e6190c037f7ffd5eee1e37bdde00fd4de820fab3b8141ebc35eee92b369?s=96&d=mm&r=g","url":"https:\/\/secure.gravatar.com\/avatar\/f85b2e6190c037f7ffd5eee1e37bdde00fd4de820fab3b8141ebc35eee92b369?s=96&d=mm&r=g","contentUrl":"https:\/\/secure.gravatar.com\/avatar\/f85b2e6190c037f7ffd5eee1e37bdde00fd4de820fab3b8141ebc35eee92b369?s=96&d=mm&r=g","caption":"Damara"},"sameAs":["https:\/\/damara.cat"]}]}},"_links":{"self":[{"href":"https:\/\/damara.cat\/es\/wp-json\/wp\/v2\/posts\/25271","targetHints":{"allow":["GET"]}}],"collection":[{"href":"https:\/\/damara.cat\/es\/wp-json\/wp\/v2\/posts"}],"about":[{"href":"https:\/\/damara.cat\/es\/wp-json\/wp\/v2\/types\/post"}],"author":[{"embeddable":true,"href":"https:\/\/damara.cat\/es\/wp-json\/wp\/v2\/users\/4"}],"replies":[{"embeddable":true,"href":"https:\/\/damara.cat\/es\/wp-json\/wp\/v2\/comments?post=25271"}],"version-history":[{"count":0,"href":"https:\/\/damara.cat\/es\/wp-json\/wp\/v2\/posts\/25271\/revisions"}],"wp:featuredmedia":[{"embeddable":true,"href":"https:\/\/damara.cat\/es\/wp-json\/wp\/v2\/media\/25269"}],"wp:attachment":[{"href":"https:\/\/damara.cat\/es\/wp-json\/wp\/v2\/media?parent=25271"}],"wp:term":[{"taxonomy":"category","embeddable":true,"href":"https:\/\/damara.cat\/es\/wp-json\/wp\/v2\/categories?post=25271"},{"taxonomy":"post_tag","embeddable":true,"href":"https:\/\/damara.cat\/es\/wp-json\/wp\/v2\/tags?post=25271"}],"curies":[{"name":"wp","href":"https:\/\/api.w.org\/{rel}","templated":true}]}}