{"id":25246,"date":"2023-02-24T20:00:00","date_gmt":"2023-02-24T19:00:00","guid":{"rendered":"https:\/\/damara.cat\/?p=25246"},"modified":"2023-02-22T12:37:21","modified_gmt":"2023-02-22T11:37:21","slug":"que-es-la-autoestima","status":"publish","type":"post","link":"https:\/\/damara.cat\/es\/que-es-la-autoestima\/","title":{"rendered":"\u00bfQu\u00e9 es la autoestima?"},"content":{"rendered":"\n<p>La autoestima en les ni\u00f1es es un aspecto que diariamente observamos en nuestros acompa\u00f1amientos a ni\u00f1es y, por eso, este mes queremos dedicarle nuestro art\u00edculo.<\/p>\n\n\n\n<p>Une ni\u00f1e con autoestima es une ni\u00f1e que crece sano, seguro y feliz. Por eso, creemos necesario comenzar por la base y preguntarnos qu\u00e9 es la autoestima, una palabra que hoy en d\u00eda se utiliza indiscriminadamente en el mundo adulto e incluso se ha banalizado en cierto sentido.<\/p>\n\n\n\n<p>La autoestima tiene que ver con el conjunto de sentimientos, ideas y creencias que tenemos hacia nosotres mismes. Tener autoestima \u2013 no es necesario a\u00f1adir una buena autoestima- es tener un buen concepto de une misme y sentir que tenemos un valor y capacidades. Podemos decir, por tanto, que tener autoestima es muy importante en la infancia y tambi\u00e9n en edad adulta, aunque hoy nos centraremos en la de les m\u00e1s peque\u00f1es ya que es en esta etapa de la vida cuando se construye la del future adulte.<\/p>\n\n\n\n<p>Une ni\u00f1e podr\u00e1 sentir ese valor y capacidades si primero sienten que sus mapadres \u2013 o adultes de referencia- lo tienen hacia elles y le hacen sentir valiose y capacitade.<\/p>\n\n\n\n<h5 class=\"wp-block-heading\"><strong>Una cuesti\u00f3n de miradas<\/strong><\/h5>\n\n\n\n<p>Sentir que las necesidades y sentimientos son atendidos, vistos y respetados sin juicio es el primer paso para que une ni\u00f1e sienta que aquello que le pasa tiene un valor y, por tanto, elle es valioso. No nos cansaremos nunca de recordar la importancia que tiene reconocer todo lo que le pasa al ni\u00f1e. Sin una mirada amorosa y confiada por parte de les adultes resulta imposible que une ni\u00f1e goce de una buena autoestima.<\/p>\n\n\n\n<p>Nuestra mirada es vital para les m\u00e1s peque\u00f1es, que con autoestima asumen retos y tambi\u00e9n responsabilidades, toleran mejor la frustraci\u00f3n y desarrollan caracter\u00edsticas que ayudan a lidiar con el d\u00eda a d\u00eda.<\/p>\n\n\n\n<p>Cuando hablamos de esta mirada amorosa no lo hacemos solo en contraposici\u00f3n con una mirada excesivamente cr\u00edtica, tambi\u00e9n con una mirada de poco valor o sobreprotectora. Podemos estar presentes y atentes a sus necesidades, pero si sobreprotegemos a une ni\u00f1e, transmitimos una mirada de poco valor o incapacidad y desconfianza hacia sus capacidades.<\/p>\n\n\n\n<p>Revisar nuestra mirada hacia les ni\u00f1es es fundamental para acompa\u00f1arles en la construcci\u00f3n de su propia autoestima. Por eso, queremos hacer un inciso y hablar de la proyecci\u00f3n e idealizaci\u00f3n del ni\u00f1e que muchas veces creamos antes de que nazca. Y muchas veces, cuando le ni\u00f1e empieza a crecer y a desarrollar su car\u00e1cter, este difiere del que esper\u00e1bamos y nos cuesta aceptar c\u00f3mo es. Detectarlo a tiempo nos ayudar\u00e1 a cambiar nuestra mirada y contribuir a su autoestima.<\/p>\n\n\n\n<h5 class=\"wp-block-heading\"><strong>Autonom\u00eda material y emocional<\/strong><\/h5>\n\n\n\n<p>La autonom\u00eda de les ni\u00f1es es otro aspecto que influye mucho en el desarrollo de su autoestima y valor. Es muy importante que le ni\u00f1e vaya sintiendo que es capaz de ser aut\u00f3nome y hacer cosas por elle misme a medida que crece.<\/p>\n\n\n\n<p>Y no solo hablamos de autoestima material relacionada con acciones como vestirse o comer sin ayuda. Asumir retos y sentirse emocionalmente aut\u00f3nome \u2013 lo vimos en enero con el proceso de individuaci\u00f3n- genera una sensaci\u00f3n de valor y confianza importante.<\/p>\n\n\n\n<h5 class=\"wp-block-heading\"><strong>En resumen&#8230;<\/strong><\/h5>\n\n\n\n<p>Si tenemos que destacar los puntos importantes a revisar por parte de las familias en lo respeta a la autoestima de les ni\u00f1es estas ser\u00edan:<\/p>\n\n\n\n<ul class=\"wp-block-list\">\n<li>Revisar cu\u00e1l es nuestra mirada hacia nuestres hijes: si es una mirada capacitadora, de juicio, desde una etiqueta\u2026<\/li>\n\n\n\n<li>Observar hasta qu\u00e9 punto es aut\u00f3nome nuestre hije tanto material como emocionalmente.<\/li>\n<\/ul>\n\n\n\n<p>Un \u00faltimo apunte sobre la autoestima. Esta no debe confundirse con un orgullo neur\u00f3tico, que resulta una coraza para tapar este sentimiento de valor. El valor, cuando se siente de verdad, no necesita ser exaltado. Es un sentimiento muy tranquilo.<\/p>\n\n\n\n<p>La baja autoestima en les ni\u00f1es puede revertirse con acompa\u00f1amiento y conocimientos. Por eso, y porque sabemos que es una de las grandes preocupaciones de las familias que vienen al centro, hemos preparado para el pr\u00f3ximo 4 de marzo una formaci\u00f3n online dedicada a este tema. En \u2018Acompa\u00f1ar a le ni\u00f1e con baja autoestima\u2019 veremos qu\u00e9 podemos hacer como mapadres si nuestre hije tiene una concepci\u00f3n negativa de elle misme.<\/p>\n\n\n\n<p>M\u00e1s informaci\u00f3n e inscripciones <a href=\"https:\/\/damara.cat\/activitats\/formacio-autoestima\/\" target=\"_blank\" rel=\"noreferrer noopener\">aqu\u00ed.<\/a><\/p>\n","protected":false},"excerpt":{"rendered":"<p>La autoestima en les ni\u00f1es es un aspecto que diariamente observamos en nuestros acompa\u00f1amientos a ni\u00f1es y, por eso, este mes queremos dedicarle nuestro art\u00edculo. Une ni\u00f1e con autoestima es une ni\u00f1e que crece sano, seguro y feliz. Por eso, creemos necesario comenzar por la base y preguntarnos qu\u00e9 es la autoestima, una palabra que [&hellip;]<\/p>\n","protected":false},"author":4,"featured_media":25244,"comment_status":"closed","ping_status":"closed","sticky":false,"template":"","format":"standard","meta":{"_et_pb_use_builder":"","_et_pb_old_content":"","_et_gb_content_width":"","_joinchat":[],"footnotes":""},"categories":[61,37],"tags":[123,142,145],"class_list":["post-25246","post","type-post","status-publish","format-standard","has-post-thumbnail","hentry","category-acompanamiento","category-ninos-y-familias","tag-autoestima","tag-baja-autoestima","tag-caracter-2"],"yoast_head":"<!-- This site is optimized with the Yoast SEO plugin v27.4 - https:\/\/yoast.com\/product\/yoast-seo-wordpress\/ -->\n<title>\u00bfQu\u00e9 es la autoestima? &#8226; Damara<\/title>\n<meta name=\"description\" content=\"La autoestima en les ni\u00f1es es un aspecto que diariamente observamos en nuestros acompa\u00f1amientos a ni\u00f1es y, por eso, este mes queremos dedicarle nuestro\" \/>\n<meta name=\"robots\" content=\"index, follow, max-snippet:-1, max-image-preview:large, max-video-preview:-1\" \/>\n<link rel=\"canonical\" href=\"https:\/\/damara.cat\/es\/que-es-la-autoestima\/\" \/>\n<meta property=\"og:locale\" content=\"es_ES\" \/>\n<meta property=\"og:type\" content=\"article\" \/>\n<meta property=\"og:title\" content=\"\u00bfQu\u00e9 es la autoestima? &#8226; Damara\" \/>\n<meta property=\"og:description\" content=\"La autoestima en les ni\u00f1es es un aspecto que diariamente observamos en nuestros acompa\u00f1amientos a ni\u00f1es y, por eso, este mes queremos dedicarle nuestro\" \/>\n<meta property=\"og:url\" content=\"https:\/\/damara.cat\/es\/que-es-la-autoestima\/\" \/>\n<meta property=\"og:site_name\" content=\"Damara\" \/>\n<meta property=\"article:publisher\" content=\"https:\/\/www.facebook.com\/damara.cat\/\" \/>\n<meta property=\"article:published_time\" content=\"2023-02-24T19:00:00+00:00\" \/>\n<meta property=\"og:image\" content=\"https:\/\/damara.cat\/wp-content\/uploads\/2023\/02\/1.png\" \/>\n\t<meta property=\"og:image:width\" content=\"900\" \/>\n\t<meta property=\"og:image:height\" content=\"450\" \/>\n\t<meta property=\"og:image:type\" content=\"image\/png\" \/>\n<meta name=\"author\" content=\"Damara\" \/>\n<meta name=\"twitter:card\" content=\"summary_large_image\" \/>\n<meta name=\"twitter:label1\" content=\"Escrito por\" \/>\n\t<meta name=\"twitter:data1\" content=\"Damara\" \/>\n\t<meta name=\"twitter:label2\" content=\"Tiempo de lectura\" \/>\n\t<meta name=\"twitter:data2\" content=\"4 minutos\" \/>\n<script type=\"application\/ld+json\" class=\"yoast-schema-graph\">{\"@context\":\"https:\\\/\\\/schema.org\",\"@graph\":[{\"@type\":\"Article\",\"@id\":\"https:\\\/\\\/damara.cat\\\/es\\\/que-es-la-autoestima\\\/#article\",\"isPartOf\":{\"@id\":\"https:\\\/\\\/damara.cat\\\/es\\\/que-es-la-autoestima\\\/\"},\"author\":{\"name\":\"Damara\",\"@id\":\"https:\\\/\\\/damara.cat\\\/es\\\/#\\\/schema\\\/person\\\/be357b9b286d46d0d4be312e87dbb6cb\"},\"headline\":\"\u00bfQu\u00e9 es la autoestima?\",\"datePublished\":\"2023-02-24T19:00:00+00:00\",\"mainEntityOfPage\":{\"@id\":\"https:\\\/\\\/damara.cat\\\/es\\\/que-es-la-autoestima\\\/\"},\"wordCount\":752,\"publisher\":{\"@id\":\"https:\\\/\\\/damara.cat\\\/es\\\/#organization\"},\"image\":{\"@id\":\"https:\\\/\\\/damara.cat\\\/es\\\/que-es-la-autoestima\\\/#primaryimage\"},\"thumbnailUrl\":\"https:\\\/\\\/damara.cat\\\/wp-content\\\/uploads\\\/2023\\\/02\\\/1.png\",\"keywords\":[\"autoestima\",\"baja autoestima\",\"car\u00e1cter\"],\"articleSection\":[\"acompa\u00f1amiento\",\"ni\u00f1os y familias\"],\"inLanguage\":\"es\"},{\"@type\":\"WebPage\",\"@id\":\"https:\\\/\\\/damara.cat\\\/es\\\/que-es-la-autoestima\\\/\",\"url\":\"https:\\\/\\\/damara.cat\\\/es\\\/que-es-la-autoestima\\\/\",\"name\":\"\u00bfQu\u00e9 es la autoestima? &#8226; Damara\",\"isPartOf\":{\"@id\":\"https:\\\/\\\/damara.cat\\\/es\\\/#website\"},\"primaryImageOfPage\":{\"@id\":\"https:\\\/\\\/damara.cat\\\/es\\\/que-es-la-autoestima\\\/#primaryimage\"},\"image\":{\"@id\":\"https:\\\/\\\/damara.cat\\\/es\\\/que-es-la-autoestima\\\/#primaryimage\"},\"thumbnailUrl\":\"https:\\\/\\\/damara.cat\\\/wp-content\\\/uploads\\\/2023\\\/02\\\/1.png\",\"datePublished\":\"2023-02-24T19:00:00+00:00\",\"description\":\"La autoestima en les ni\u00f1es es un aspecto que diariamente observamos en nuestros acompa\u00f1amientos a ni\u00f1es y, por eso, este mes queremos dedicarle nuestro\",\"breadcrumb\":{\"@id\":\"https:\\\/\\\/damara.cat\\\/es\\\/que-es-la-autoestima\\\/#breadcrumb\"},\"inLanguage\":\"es\",\"potentialAction\":[{\"@type\":\"ReadAction\",\"target\":[\"https:\\\/\\\/damara.cat\\\/es\\\/que-es-la-autoestima\\\/\"]}]},{\"@type\":\"ImageObject\",\"inLanguage\":\"es\",\"@id\":\"https:\\\/\\\/damara.cat\\\/es\\\/que-es-la-autoestima\\\/#primaryimage\",\"url\":\"https:\\\/\\\/damara.cat\\\/wp-content\\\/uploads\\\/2023\\\/02\\\/1.png\",\"contentUrl\":\"https:\\\/\\\/damara.cat\\\/wp-content\\\/uploads\\\/2023\\\/02\\\/1.png\",\"width\":900,\"height\":450},{\"@type\":\"BreadcrumbList\",\"@id\":\"https:\\\/\\\/damara.cat\\\/es\\\/que-es-la-autoestima\\\/#breadcrumb\",\"itemListElement\":[{\"@type\":\"ListItem\",\"position\":1,\"name\":\"Portada\",\"item\":\"https:\\\/\\\/damara.cat\\\/es\\\/\"},{\"@type\":\"ListItem\",\"position\":2,\"name\":\"\u00bfQu\u00e9 es la autoestima?\"}]},{\"@type\":\"WebSite\",\"@id\":\"https:\\\/\\\/damara.cat\\\/es\\\/#website\",\"url\":\"https:\\\/\\\/damara.cat\\\/es\\\/\",\"name\":\"Damara\",\"description\":\"Acompanyament a infants i fam\u00edlies\",\"publisher\":{\"@id\":\"https:\\\/\\\/damara.cat\\\/es\\\/#organization\"},\"potentialAction\":[{\"@type\":\"SearchAction\",\"target\":{\"@type\":\"EntryPoint\",\"urlTemplate\":\"https:\\\/\\\/damara.cat\\\/es\\\/?s={search_term_string}\"},\"query-input\":{\"@type\":\"PropertyValueSpecification\",\"valueRequired\":true,\"valueName\":\"search_term_string\"}}],\"inLanguage\":\"es\"},{\"@type\":\"Organization\",\"@id\":\"https:\\\/\\\/damara.cat\\\/es\\\/#organization\",\"name\":\"Damara\",\"url\":\"https:\\\/\\\/damara.cat\\\/es\\\/\",\"logo\":{\"@type\":\"ImageObject\",\"inLanguage\":\"es\",\"@id\":\"https:\\\/\\\/damara.cat\\\/es\\\/#\\\/schema\\\/logo\\\/image\\\/\",\"url\":\"https:\\\/\\\/damara.cat\\\/wp-content\\\/uploads\\\/2019\\\/03\\\/Damara-acompanyament-a-infants-i-families-1000-2.png\",\"contentUrl\":\"https:\\\/\\\/damara.cat\\\/wp-content\\\/uploads\\\/2019\\\/03\\\/Damara-acompanyament-a-infants-i-families-1000-2.png\",\"width\":1000,\"height\":538,\"caption\":\"Damara\"},\"image\":{\"@id\":\"https:\\\/\\\/damara.cat\\\/es\\\/#\\\/schema\\\/logo\\\/image\\\/\"},\"sameAs\":[\"https:\\\/\\\/www.facebook.com\\\/damara.cat\\\/\"]},{\"@type\":\"Person\",\"@id\":\"https:\\\/\\\/damara.cat\\\/es\\\/#\\\/schema\\\/person\\\/be357b9b286d46d0d4be312e87dbb6cb\",\"name\":\"Damara\",\"image\":{\"@type\":\"ImageObject\",\"inLanguage\":\"es\",\"@id\":\"https:\\\/\\\/secure.gravatar.com\\\/avatar\\\/f85b2e6190c037f7ffd5eee1e37bdde00fd4de820fab3b8141ebc35eee92b369?s=96&d=mm&r=g\",\"url\":\"https:\\\/\\\/secure.gravatar.com\\\/avatar\\\/f85b2e6190c037f7ffd5eee1e37bdde00fd4de820fab3b8141ebc35eee92b369?s=96&d=mm&r=g\",\"contentUrl\":\"https:\\\/\\\/secure.gravatar.com\\\/avatar\\\/f85b2e6190c037f7ffd5eee1e37bdde00fd4de820fab3b8141ebc35eee92b369?s=96&d=mm&r=g\",\"caption\":\"Damara\"},\"sameAs\":[\"https:\\\/\\\/damara.cat\"]}]}<\/script>\n<!-- \/ Yoast SEO plugin. -->","yoast_head_json":{"title":"\u00bfQu\u00e9 es la autoestima? &#8226; Damara","description":"La autoestima en les ni\u00f1es es un aspecto que diariamente observamos en nuestros acompa\u00f1amientos a ni\u00f1es y, por eso, este mes queremos dedicarle nuestro","robots":{"index":"index","follow":"follow","max-snippet":"max-snippet:-1","max-image-preview":"max-image-preview:large","max-video-preview":"max-video-preview:-1"},"canonical":"https:\/\/damara.cat\/es\/que-es-la-autoestima\/","og_locale":"es_ES","og_type":"article","og_title":"\u00bfQu\u00e9 es la autoestima? &#8226; Damara","og_description":"La autoestima en les ni\u00f1es es un aspecto que diariamente observamos en nuestros acompa\u00f1amientos a ni\u00f1es y, por eso, este mes queremos dedicarle nuestro","og_url":"https:\/\/damara.cat\/es\/que-es-la-autoestima\/","og_site_name":"Damara","article_publisher":"https:\/\/www.facebook.com\/damara.cat\/","article_published_time":"2023-02-24T19:00:00+00:00","og_image":[{"width":900,"height":450,"url":"https:\/\/damara.cat\/wp-content\/uploads\/2023\/02\/1.png","type":"image\/png"}],"author":"Damara","twitter_card":"summary_large_image","twitter_misc":{"Escrito por":"Damara","Tiempo de lectura":"4 minutos"},"schema":{"@context":"https:\/\/schema.org","@graph":[{"@type":"Article","@id":"https:\/\/damara.cat\/es\/que-es-la-autoestima\/#article","isPartOf":{"@id":"https:\/\/damara.cat\/es\/que-es-la-autoestima\/"},"author":{"name":"Damara","@id":"https:\/\/damara.cat\/es\/#\/schema\/person\/be357b9b286d46d0d4be312e87dbb6cb"},"headline":"\u00bfQu\u00e9 es la autoestima?","datePublished":"2023-02-24T19:00:00+00:00","mainEntityOfPage":{"@id":"https:\/\/damara.cat\/es\/que-es-la-autoestima\/"},"wordCount":752,"publisher":{"@id":"https:\/\/damara.cat\/es\/#organization"},"image":{"@id":"https:\/\/damara.cat\/es\/que-es-la-autoestima\/#primaryimage"},"thumbnailUrl":"https:\/\/damara.cat\/wp-content\/uploads\/2023\/02\/1.png","keywords":["autoestima","baja autoestima","car\u00e1cter"],"articleSection":["acompa\u00f1amiento","ni\u00f1os y familias"],"inLanguage":"es"},{"@type":"WebPage","@id":"https:\/\/damara.cat\/es\/que-es-la-autoestima\/","url":"https:\/\/damara.cat\/es\/que-es-la-autoestima\/","name":"\u00bfQu\u00e9 es la autoestima? &#8226; Damara","isPartOf":{"@id":"https:\/\/damara.cat\/es\/#website"},"primaryImageOfPage":{"@id":"https:\/\/damara.cat\/es\/que-es-la-autoestima\/#primaryimage"},"image":{"@id":"https:\/\/damara.cat\/es\/que-es-la-autoestima\/#primaryimage"},"thumbnailUrl":"https:\/\/damara.cat\/wp-content\/uploads\/2023\/02\/1.png","datePublished":"2023-02-24T19:00:00+00:00","description":"La autoestima en les ni\u00f1es es un aspecto que diariamente observamos en nuestros acompa\u00f1amientos a ni\u00f1es y, por eso, este mes queremos dedicarle nuestro","breadcrumb":{"@id":"https:\/\/damara.cat\/es\/que-es-la-autoestima\/#breadcrumb"},"inLanguage":"es","potentialAction":[{"@type":"ReadAction","target":["https:\/\/damara.cat\/es\/que-es-la-autoestima\/"]}]},{"@type":"ImageObject","inLanguage":"es","@id":"https:\/\/damara.cat\/es\/que-es-la-autoestima\/#primaryimage","url":"https:\/\/damara.cat\/wp-content\/uploads\/2023\/02\/1.png","contentUrl":"https:\/\/damara.cat\/wp-content\/uploads\/2023\/02\/1.png","width":900,"height":450},{"@type":"BreadcrumbList","@id":"https:\/\/damara.cat\/es\/que-es-la-autoestima\/#breadcrumb","itemListElement":[{"@type":"ListItem","position":1,"name":"Portada","item":"https:\/\/damara.cat\/es\/"},{"@type":"ListItem","position":2,"name":"\u00bfQu\u00e9 es la autoestima?"}]},{"@type":"WebSite","@id":"https:\/\/damara.cat\/es\/#website","url":"https:\/\/damara.cat\/es\/","name":"Damara","description":"Acompanyament a infants i fam\u00edlies","publisher":{"@id":"https:\/\/damara.cat\/es\/#organization"},"potentialAction":[{"@type":"SearchAction","target":{"@type":"EntryPoint","urlTemplate":"https:\/\/damara.cat\/es\/?s={search_term_string}"},"query-input":{"@type":"PropertyValueSpecification","valueRequired":true,"valueName":"search_term_string"}}],"inLanguage":"es"},{"@type":"Organization","@id":"https:\/\/damara.cat\/es\/#organization","name":"Damara","url":"https:\/\/damara.cat\/es\/","logo":{"@type":"ImageObject","inLanguage":"es","@id":"https:\/\/damara.cat\/es\/#\/schema\/logo\/image\/","url":"https:\/\/damara.cat\/wp-content\/uploads\/2019\/03\/Damara-acompanyament-a-infants-i-families-1000-2.png","contentUrl":"https:\/\/damara.cat\/wp-content\/uploads\/2019\/03\/Damara-acompanyament-a-infants-i-families-1000-2.png","width":1000,"height":538,"caption":"Damara"},"image":{"@id":"https:\/\/damara.cat\/es\/#\/schema\/logo\/image\/"},"sameAs":["https:\/\/www.facebook.com\/damara.cat\/"]},{"@type":"Person","@id":"https:\/\/damara.cat\/es\/#\/schema\/person\/be357b9b286d46d0d4be312e87dbb6cb","name":"Damara","image":{"@type":"ImageObject","inLanguage":"es","@id":"https:\/\/secure.gravatar.com\/avatar\/f85b2e6190c037f7ffd5eee1e37bdde00fd4de820fab3b8141ebc35eee92b369?s=96&d=mm&r=g","url":"https:\/\/secure.gravatar.com\/avatar\/f85b2e6190c037f7ffd5eee1e37bdde00fd4de820fab3b8141ebc35eee92b369?s=96&d=mm&r=g","contentUrl":"https:\/\/secure.gravatar.com\/avatar\/f85b2e6190c037f7ffd5eee1e37bdde00fd4de820fab3b8141ebc35eee92b369?s=96&d=mm&r=g","caption":"Damara"},"sameAs":["https:\/\/damara.cat"]}]}},"_links":{"self":[{"href":"https:\/\/damara.cat\/es\/wp-json\/wp\/v2\/posts\/25246","targetHints":{"allow":["GET"]}}],"collection":[{"href":"https:\/\/damara.cat\/es\/wp-json\/wp\/v2\/posts"}],"about":[{"href":"https:\/\/damara.cat\/es\/wp-json\/wp\/v2\/types\/post"}],"author":[{"embeddable":true,"href":"https:\/\/damara.cat\/es\/wp-json\/wp\/v2\/users\/4"}],"replies":[{"embeddable":true,"href":"https:\/\/damara.cat\/es\/wp-json\/wp\/v2\/comments?post=25246"}],"version-history":[{"count":0,"href":"https:\/\/damara.cat\/es\/wp-json\/wp\/v2\/posts\/25246\/revisions"}],"wp:featuredmedia":[{"embeddable":true,"href":"https:\/\/damara.cat\/es\/wp-json\/wp\/v2\/media\/25244"}],"wp:attachment":[{"href":"https:\/\/damara.cat\/es\/wp-json\/wp\/v2\/media?parent=25246"}],"wp:term":[{"taxonomy":"category","embeddable":true,"href":"https:\/\/damara.cat\/es\/wp-json\/wp\/v2\/categories?post=25246"},{"taxonomy":"post_tag","embeddable":true,"href":"https:\/\/damara.cat\/es\/wp-json\/wp\/v2\/tags?post=25246"}],"curies":[{"name":"wp","href":"https:\/\/api.w.org\/{rel}","templated":true}]}}