{"id":25206,"date":"2022-10-20T10:47:51","date_gmt":"2022-10-20T08:47:51","guid":{"rendered":"https:\/\/damara.cat\/?p=25206"},"modified":"2022-10-20T10:47:55","modified_gmt":"2022-10-20T08:47:55","slug":"caracter-desarrollo-infantil","status":"publish","type":"post","link":"https:\/\/damara.cat\/es\/caracter-desarrollo-infantil\/","title":{"rendered":"El car\u00e1cter y el desarrollo infantil"},"content":{"rendered":"\n<p>Este mes hablamos del car\u00e1cter y la personalidad de les ni\u00f1es. Cuando nos convertimos en madres o padres, a menuda, nos preocupa c\u00f3mo ser\u00e1n nuestres hijes, qu\u00e9 actitudes tendr\u00e1n ante la vida y c\u00f3mo evolucionar\u00e1n como personas. Dudas y cuestiones que pueden resumirse en una pregunta: \u00bfel car\u00e1cter nace o se hace?<\/p>\n\n\n\n<p>La respuesta es que el car\u00e1cter viene muy definido por las vivencias que tiene une ni\u00f1e y en este art\u00edculo intentaremos explicarlo.<\/p>\n\n\n\n<p>Cuando le ni\u00f1e nace ya viene con un temperamento que viene influenciado por la gen\u00e9tica, pero tambi\u00e9n por las vivencias intrauterinas. Nacen con ese temperamento, que es el que hace que cada beb\u00e9 se comporte de una manera al resto. Podr\u00edamos decir, por tanto, que de inicio hay una parte de entorno y una parte de gen\u00e9tica.<\/p>\n\n\n\n<p>Le ni\u00f1e ya recibe informaci\u00f3n, est\u00edmulos y sensaciones de la madre y del exterior durante la gestaci\u00f3n. La conexi\u00f3n con la madre es tal que puede sentir sus estados emocionales y escucharla&#8230; y esta informaci\u00f3n empieza a moldear su car\u00e1cter y personalidad. La vivencia no es la misma si durante el embarazo la madre ha sufrido una separaci\u00f3n, una p\u00e9rdida o se ha sentido sola que una madre que ha estado sostenida por su red afectiva en todo momento. Este tipo de experiencias tienen un impacto emocional en la madre y, por tanto, tambi\u00e9n en el beb\u00e9.<\/p>\n\n\n\n<p>La familia, y despu\u00e9s la escuela, tienen una gran importancia en el desarrollo del car\u00e1cter de le ni\u00f1e. Su entorno, contexto y experiencias vividas determinan su personalidad. De ah\u00ed, la importancia de saber acompa\u00f1ar a une ni\u00f1e, pero sobre todo entender c\u00f3mo funcionan las diferentes etapas del desarrollo de les m\u00e1s peque\u00f1es.<\/p>\n\n\n\n<h5 class=\"wp-block-heading\"><strong>Comenzamos por la etapa de sustentaci\u00f3n (gestaci\u00f3n, parto y nacimiento) o etapa uterina\/ocular<\/strong><\/h5>\n\n\n\n<p>En esta primera etapa de desarrollo, el v\u00ednculo con la madre es fundamental. Los sentidos ya est\u00e1n activos y el feto siente, huele, saborea y escucha. Exista la memoria impl\u00edcita de todo lo que sucede y la experiencia del parte marca tanto al beb\u00e9 como a la madre, hecho que hace que la calidad de los primeros contactos y miradas sea muy importante.<\/p>\n\n\n\n<p>Al tratarse de un estadio muy primitivo, las fijaciones en esta etapa son m\u00e1s complejas. Entendemos como fijaciones aquellos rasgos del car\u00e1cter que aparecen en los seres humanos cuando alguna de las necesidades que demandan las diferentes etapas de desarrollo no han sido cubiertas. Lo que suceda en esta etapa tendr\u00e1 una importancia relevante en el desarrollo ps\u00edquico del beb\u00e9 ya que tiene menos defensas y estructura.<\/p>\n\n\n\n<figure class=\"wp-block-image size-full\"><img loading=\"lazy\" decoding=\"async\" width=\"900\" height=\"450\" src=\"https:\/\/damara.cat\/wp-content\/uploads\/2022\/10\/3.png\" alt=\"\" class=\"wp-image-25199\" srcset=\"https:\/\/damara.cat\/wp-content\/uploads\/2022\/10\/3.png 900w, https:\/\/damara.cat\/wp-content\/uploads\/2022\/10\/3-480x240.png 480w\" sizes=\"(min-width: 0px) and (max-width: 480px) 480px, (min-width: 481px) 900px, 100vw\" \/><\/figure>\n\n\n\n<h5 class=\"wp-block-heading\"><strong>Etapa de incorporaci\u00f3n (hasta los 18 meses) o etapa ocular-oral<\/strong><\/h5>\n\n\n\n<p>En esta etapa, las necesidades del ni\u00f1e se multiplican y el v\u00ednculo fuerte y seguro con la madre \u2013 o v\u00ednculo primario- son esenciales para generar confianza, ya que aqu\u00ed es cuando el mundo interior del beb\u00e9 empieza a crearse a partir de sus primeras experiencias de vida, de placer y contacto. La exploraci\u00f3n del ambiente requiere de una base afectiva segura. Les beb\u00e9s van adquiriendo autonom\u00eda progresiva de la madre, una autonom\u00eda que no se debe intentar forzar ni retrasar, sino que debe dejarse que se produzca de manera natural y saludable. Si no es as\u00ed, si las madres y pares reaccionan con incomodidad o distancia ante los estados emocionales de les ni\u00f1es, pueden surgir fijaciones como la sensaci\u00f3n de carencia, un car\u00e1cter rebelde o dif\u00edcil o un desarrollo precoz del habla y del andar para compensar las necesidades insatisfechas.<\/p>\n\n\n\n<h5 class=\"wp-block-heading\"><strong>Etapa de producci\u00f3n (de los 18 meses a los 3 a\u00f1os) o Etapa Anal<\/strong><\/h5>\n\n\n\n<p>La autonom\u00eda de les ni\u00f1es se termina de desarrollar en esta tercera fase de crecimiento. Aqu\u00ed empiezan a descubrir el mundo por su cuenta y tamb\u00e9 a separarse m\u00e1s de la madre o del v\u00ednculo primario. Quieren libertad, aparece la famosa fase del NO y, como consecuencia, aparecen los primeros conflictos con las madres y los padres.<\/p>\n\n\n\n<p>Con los primeros l\u00edmites, le ni\u00f1e experimenta los primeros registros de verg\u00fcenza, humillaci\u00f3n y contenci\u00f3n. Tambi\u00e9n surge la duda. Una excesiva rigidez, severidad o irritaci\u00f3n en les adultes pueden generar fijaciones como la sumisi\u00f3n, la ansiedad o la tozudez en nuestres hijes. El acompa\u00f1amiento y respeto en una etapa tan intensa de descubrimiento y autonom\u00eda resulta muy importante.<\/p>\n\n\n\n<figure class=\"wp-block-image size-full\"><img loading=\"lazy\" decoding=\"async\" width=\"900\" height=\"450\" src=\"https:\/\/damara.cat\/wp-content\/uploads\/2022\/10\/2.png\" alt=\"\" class=\"wp-image-25201\" srcset=\"https:\/\/damara.cat\/wp-content\/uploads\/2022\/10\/2.png 900w, https:\/\/damara.cat\/wp-content\/uploads\/2022\/10\/2-480x240.png 480w\" sizes=\"(min-width: 0px) and (max-width: 480px) 480px, (min-width: 481px) 900px, 100vw\" \/><\/figure>\n\n\n\n<h5 class=\"wp-block-heading\"><strong>Etapa de identificaci\u00f3n (de los 3 a los 6 a\u00f1os) o Etapa Genital Infantil o F\u00e1lica<\/strong><\/h5>\n\n\n\n<p>Por primera vez, el cuerpo y la persona del ni\u00f1e se fusionan y toman conciencia de qui\u00e9nes son&#8230; o empiezan a hacerlo. Se separan de la madre y aparece la iniciativa, la espontaneidad y el prop\u00f3sito. Tambi\u00e9n la exploraci\u00f3n sexual y caminan por primera vez hacia a un ser social.<\/p>\n\n\n\n<p>Les ni\u00f1es aqu\u00ed empiezan a percibir que el mundo tiene unas reglas y unos valores y experimentan por primera vez la culpa. Por eso, es importante que le ni\u00f1e reciba dosis \u00f3ptimas entre satisfacci\u00f3n y frustraci\u00f3n y no se reprima, por ejemplo, su reacci\u00f3n sexual.<\/p>\n\n\n\n<p>Las fijaciones en esta etapa pueden generar futures adultes con dificultades, entre otras, en la entrega amorosa o convertirlos en emocionalmente dependientes de los padres.<\/p>\n\n\n\n<h5 class=\"wp-block-heading\"><strong>Etapa de estructuraci\u00f3n (de los 6 a los 12 a\u00f1os)<\/strong><\/h5>\n\n\n\n<p>La b\u00fasqueda de conocimiento, aprendizaje y socializaci\u00f3n marcan una etapa en la que se produce un gran desarrollo de la personalidad. El universo familiar se ve desplazado por el escolar, el mundo cambia y es aqu\u00ed donde pueden aparecer las fijaciones generadas en etapas anteriores.<\/p>\n\n\n\n<p>Los cambios y la percepci\u00f3n de une misme pueden provocar miedos en nuestres hijes. Aparece por primera vez la desvalorizaci\u00f3n personal y la autoestima se vincula a la capacitaci\u00f3n -escolar, de concentraci\u00f3n\u2026-. En el caso de les preadolescentes, adem\u00e1s, se puede dar el caso de una sobrevaloraci\u00f3n de modelos externos, que se une a la maduraci\u00f3n sexual y a la necesidad de interiorizar y de estar sole.<\/p>\n\n\n\n<p>Esta es una etapa compleja para les ni\u00f1es y, a menudo, tambi\u00e9n para les adultes. La l\u00ednea es cada vez m\u00e1s difusa entre ser ni\u00f1e o adulte y surgen fijaciones como la no aceptaci\u00f3n de la propia imagen o dificultades para relacionarse con les altres o para aprender.<\/p>\n\n\n\n<figure class=\"wp-block-image size-full\"><img loading=\"lazy\" decoding=\"async\" width=\"900\" height=\"450\" src=\"https:\/\/damara.cat\/wp-content\/uploads\/2022\/10\/4.png\" alt=\"\" class=\"wp-image-25203\" srcset=\"https:\/\/damara.cat\/wp-content\/uploads\/2022\/10\/4.png 900w, https:\/\/damara.cat\/wp-content\/uploads\/2022\/10\/4-480x240.png 480w\" sizes=\"(min-width: 0px) and (max-width: 480px) 480px, (min-width: 481px) 900px, 100vw\" \/><\/figure>\n\n\n\n<p>Como mapadres no podemos o no deber\u00edamos aspirar a ser perfectes y detectar y entender todo cu\u00e1nto sucede durante el crecimiento y desarrollo de une ni\u00f1e. Cometeremos errores, como todo el mundo. Pero entender estas fases y profundizar en su conocimiento es fundamental para acompa\u00f1ar a nuestres hijes en el proceso de crianza. Y si vemos que no somos capaces del todo, pedir ayudar y acompa\u00f1arnos como adultes. Por eso, en Damara nos dedicamos a lo que nos dedicamos. Sabemos que no siempre es f\u00e1cil y, por eso, siempre nos encontrar\u00e9is al otro lado de la pantalla para cualquier cosa que necesit\u00e9is.<\/p>\n","protected":false},"excerpt":{"rendered":"<p>Este mes hablamos del car\u00e1cter y la personalidad de les ni\u00f1es. Cuando nos convertimos en madres o padres, a menuda, nos preocupa c\u00f3mo ser\u00e1n nuestres hijes, qu\u00e9 actitudes tendr\u00e1n ante la vida y c\u00f3mo evolucionar\u00e1n como personas. Dudas y cuestiones que pueden resumirse en una pregunta: \u00bfel car\u00e1cter nace o se hace? La respuesta es [&hellip;]<\/p>\n","protected":false},"author":4,"featured_media":25197,"comment_status":"closed","ping_status":"closed","sticky":false,"template":"","format":"standard","meta":{"_et_pb_use_builder":"","_et_pb_old_content":"","_et_gb_content_width":"","_joinchat":[],"footnotes":""},"categories":[61,37],"tags":[133,132],"class_list":["post-25206","post","type-post","status-publish","format-standard","has-post-thumbnail","hentry","category-acompanamiento","category-ninos-y-familias","tag-caracter-infantil","tag-etapas-desarrollo"],"yoast_head":"<!-- This site is optimized with the Yoast SEO plugin v27.4 - https:\/\/yoast.com\/product\/yoast-seo-wordpress\/ -->\n<title>El car\u00e1cter y desarrollo infantil<\/title>\n<meta name=\"description\" content=\"Este mes hablamos del car\u00e1cter y la personalidad de les ni\u00f1es. Cuando nos convertimos en madres o padres, a menuda, nos preocupa c\u00f3mo ser\u00e1n nuestres el car\u00e1cter viene muy definido por las vivencias que tiene une ni\u00f1e y en este art\u00edculo intentaremos explicarlo.\" \/>\n<meta name=\"robots\" content=\"index, follow, max-snippet:-1, max-image-preview:large, max-video-preview:-1\" \/>\n<link rel=\"canonical\" href=\"https:\/\/damara.cat\/es\/caracter-desarrollo-infantil\/\" \/>\n<meta property=\"og:locale\" content=\"es_ES\" \/>\n<meta property=\"og:type\" content=\"article\" \/>\n<meta property=\"og:title\" content=\"El car\u00e1cter y desarrollo infantil\" \/>\n<meta property=\"og:description\" content=\"Este mes hablamos del car\u00e1cter y la personalidad de les ni\u00f1es. Cuando nos convertimos en madres o padres, a menuda, nos preocupa c\u00f3mo ser\u00e1n nuestres el car\u00e1cter viene muy definido por las vivencias que tiene une ni\u00f1e y en este art\u00edculo intentaremos explicarlo.\" \/>\n<meta property=\"og:url\" content=\"https:\/\/damara.cat\/es\/caracter-desarrollo-infantil\/\" \/>\n<meta property=\"og:site_name\" content=\"Damara\" \/>\n<meta property=\"article:publisher\" content=\"https:\/\/www.facebook.com\/damara.cat\/\" \/>\n<meta property=\"article:published_time\" content=\"2022-10-20T08:47:51+00:00\" \/>\n<meta property=\"article:modified_time\" content=\"2022-10-20T08:47:55+00:00\" \/>\n<meta property=\"og:image\" content=\"https:\/\/damara.cat\/wp-content\/uploads\/2022\/10\/1.png\" \/>\n\t<meta property=\"og:image:width\" content=\"900\" \/>\n\t<meta property=\"og:image:height\" content=\"450\" \/>\n\t<meta property=\"og:image:type\" content=\"image\/png\" \/>\n<meta name=\"author\" content=\"Damara\" \/>\n<meta name=\"twitter:card\" content=\"summary_large_image\" \/>\n<meta name=\"twitter:label1\" content=\"Escrito por\" \/>\n\t<meta name=\"twitter:data1\" content=\"Damara\" \/>\n\t<meta name=\"twitter:label2\" content=\"Tiempo de lectura\" \/>\n\t<meta name=\"twitter:data2\" content=\"7 minutos\" \/>\n<script type=\"application\/ld+json\" class=\"yoast-schema-graph\">{\"@context\":\"https:\\\/\\\/schema.org\",\"@graph\":[{\"@type\":\"Article\",\"@id\":\"https:\\\/\\\/damara.cat\\\/es\\\/caracter-desarrollo-infantil\\\/#article\",\"isPartOf\":{\"@id\":\"https:\\\/\\\/damara.cat\\\/es\\\/caracter-desarrollo-infantil\\\/\"},\"author\":{\"name\":\"Damara\",\"@id\":\"https:\\\/\\\/damara.cat\\\/es\\\/#\\\/schema\\\/person\\\/be357b9b286d46d0d4be312e87dbb6cb\"},\"headline\":\"El car\u00e1cter y el desarrollo infantil\",\"datePublished\":\"2022-10-20T08:47:51+00:00\",\"dateModified\":\"2022-10-20T08:47:55+00:00\",\"mainEntityOfPage\":{\"@id\":\"https:\\\/\\\/damara.cat\\\/es\\\/caracter-desarrollo-infantil\\\/\"},\"wordCount\":1220,\"publisher\":{\"@id\":\"https:\\\/\\\/damara.cat\\\/es\\\/#organization\"},\"image\":{\"@id\":\"https:\\\/\\\/damara.cat\\\/es\\\/caracter-desarrollo-infantil\\\/#primaryimage\"},\"thumbnailUrl\":\"https:\\\/\\\/damara.cat\\\/wp-content\\\/uploads\\\/2022\\\/10\\\/1.png\",\"keywords\":[\"caracter infantil\",\"etapas desarrollo\"],\"articleSection\":[\"acompa\u00f1amiento\",\"ni\u00f1os y familias\"],\"inLanguage\":\"es\"},{\"@type\":\"WebPage\",\"@id\":\"https:\\\/\\\/damara.cat\\\/es\\\/caracter-desarrollo-infantil\\\/\",\"url\":\"https:\\\/\\\/damara.cat\\\/es\\\/caracter-desarrollo-infantil\\\/\",\"name\":\"El car\u00e1cter y desarrollo infantil\",\"isPartOf\":{\"@id\":\"https:\\\/\\\/damara.cat\\\/es\\\/#website\"},\"primaryImageOfPage\":{\"@id\":\"https:\\\/\\\/damara.cat\\\/es\\\/caracter-desarrollo-infantil\\\/#primaryimage\"},\"image\":{\"@id\":\"https:\\\/\\\/damara.cat\\\/es\\\/caracter-desarrollo-infantil\\\/#primaryimage\"},\"thumbnailUrl\":\"https:\\\/\\\/damara.cat\\\/wp-content\\\/uploads\\\/2022\\\/10\\\/1.png\",\"datePublished\":\"2022-10-20T08:47:51+00:00\",\"dateModified\":\"2022-10-20T08:47:55+00:00\",\"description\":\"Este mes hablamos del car\u00e1cter y la personalidad de les ni\u00f1es. Cuando nos convertimos en madres o padres, a menuda, nos preocupa c\u00f3mo ser\u00e1n nuestres el car\u00e1cter viene muy definido por las vivencias que tiene une ni\u00f1e y en este art\u00edculo intentaremos explicarlo.\",\"breadcrumb\":{\"@id\":\"https:\\\/\\\/damara.cat\\\/es\\\/caracter-desarrollo-infantil\\\/#breadcrumb\"},\"inLanguage\":\"es\",\"potentialAction\":[{\"@type\":\"ReadAction\",\"target\":[\"https:\\\/\\\/damara.cat\\\/es\\\/caracter-desarrollo-infantil\\\/\"]}]},{\"@type\":\"ImageObject\",\"inLanguage\":\"es\",\"@id\":\"https:\\\/\\\/damara.cat\\\/es\\\/caracter-desarrollo-infantil\\\/#primaryimage\",\"url\":\"https:\\\/\\\/damara.cat\\\/wp-content\\\/uploads\\\/2022\\\/10\\\/1.png\",\"contentUrl\":\"https:\\\/\\\/damara.cat\\\/wp-content\\\/uploads\\\/2022\\\/10\\\/1.png\",\"width\":900,\"height\":450},{\"@type\":\"BreadcrumbList\",\"@id\":\"https:\\\/\\\/damara.cat\\\/es\\\/caracter-desarrollo-infantil\\\/#breadcrumb\",\"itemListElement\":[{\"@type\":\"ListItem\",\"position\":1,\"name\":\"Portada\",\"item\":\"https:\\\/\\\/damara.cat\\\/es\\\/\"},{\"@type\":\"ListItem\",\"position\":2,\"name\":\"El car\u00e1cter y el desarrollo infantil\"}]},{\"@type\":\"WebSite\",\"@id\":\"https:\\\/\\\/damara.cat\\\/es\\\/#website\",\"url\":\"https:\\\/\\\/damara.cat\\\/es\\\/\",\"name\":\"Damara\",\"description\":\"Acompanyament a infants i fam\u00edlies\",\"publisher\":{\"@id\":\"https:\\\/\\\/damara.cat\\\/es\\\/#organization\"},\"potentialAction\":[{\"@type\":\"SearchAction\",\"target\":{\"@type\":\"EntryPoint\",\"urlTemplate\":\"https:\\\/\\\/damara.cat\\\/es\\\/?s={search_term_string}\"},\"query-input\":{\"@type\":\"PropertyValueSpecification\",\"valueRequired\":true,\"valueName\":\"search_term_string\"}}],\"inLanguage\":\"es\"},{\"@type\":\"Organization\",\"@id\":\"https:\\\/\\\/damara.cat\\\/es\\\/#organization\",\"name\":\"Damara\",\"url\":\"https:\\\/\\\/damara.cat\\\/es\\\/\",\"logo\":{\"@type\":\"ImageObject\",\"inLanguage\":\"es\",\"@id\":\"https:\\\/\\\/damara.cat\\\/es\\\/#\\\/schema\\\/logo\\\/image\\\/\",\"url\":\"https:\\\/\\\/damara.cat\\\/wp-content\\\/uploads\\\/2019\\\/03\\\/Damara-acompanyament-a-infants-i-families-1000-2.png\",\"contentUrl\":\"https:\\\/\\\/damara.cat\\\/wp-content\\\/uploads\\\/2019\\\/03\\\/Damara-acompanyament-a-infants-i-families-1000-2.png\",\"width\":1000,\"height\":538,\"caption\":\"Damara\"},\"image\":{\"@id\":\"https:\\\/\\\/damara.cat\\\/es\\\/#\\\/schema\\\/logo\\\/image\\\/\"},\"sameAs\":[\"https:\\\/\\\/www.facebook.com\\\/damara.cat\\\/\"]},{\"@type\":\"Person\",\"@id\":\"https:\\\/\\\/damara.cat\\\/es\\\/#\\\/schema\\\/person\\\/be357b9b286d46d0d4be312e87dbb6cb\",\"name\":\"Damara\",\"image\":{\"@type\":\"ImageObject\",\"inLanguage\":\"es\",\"@id\":\"https:\\\/\\\/secure.gravatar.com\\\/avatar\\\/f85b2e6190c037f7ffd5eee1e37bdde00fd4de820fab3b8141ebc35eee92b369?s=96&d=mm&r=g\",\"url\":\"https:\\\/\\\/secure.gravatar.com\\\/avatar\\\/f85b2e6190c037f7ffd5eee1e37bdde00fd4de820fab3b8141ebc35eee92b369?s=96&d=mm&r=g\",\"contentUrl\":\"https:\\\/\\\/secure.gravatar.com\\\/avatar\\\/f85b2e6190c037f7ffd5eee1e37bdde00fd4de820fab3b8141ebc35eee92b369?s=96&d=mm&r=g\",\"caption\":\"Damara\"},\"sameAs\":[\"https:\\\/\\\/damara.cat\"]}]}<\/script>\n<!-- \/ Yoast SEO plugin. -->","yoast_head_json":{"title":"El car\u00e1cter y desarrollo infantil","description":"Este mes hablamos del car\u00e1cter y la personalidad de les ni\u00f1es. Cuando nos convertimos en madres o padres, a menuda, nos preocupa c\u00f3mo ser\u00e1n nuestres el car\u00e1cter viene muy definido por las vivencias que tiene une ni\u00f1e y en este art\u00edculo intentaremos explicarlo.","robots":{"index":"index","follow":"follow","max-snippet":"max-snippet:-1","max-image-preview":"max-image-preview:large","max-video-preview":"max-video-preview:-1"},"canonical":"https:\/\/damara.cat\/es\/caracter-desarrollo-infantil\/","og_locale":"es_ES","og_type":"article","og_title":"El car\u00e1cter y desarrollo infantil","og_description":"Este mes hablamos del car\u00e1cter y la personalidad de les ni\u00f1es. Cuando nos convertimos en madres o padres, a menuda, nos preocupa c\u00f3mo ser\u00e1n nuestres el car\u00e1cter viene muy definido por las vivencias que tiene une ni\u00f1e y en este art\u00edculo intentaremos explicarlo.","og_url":"https:\/\/damara.cat\/es\/caracter-desarrollo-infantil\/","og_site_name":"Damara","article_publisher":"https:\/\/www.facebook.com\/damara.cat\/","article_published_time":"2022-10-20T08:47:51+00:00","article_modified_time":"2022-10-20T08:47:55+00:00","og_image":[{"width":900,"height":450,"url":"https:\/\/damara.cat\/wp-content\/uploads\/2022\/10\/1.png","type":"image\/png"}],"author":"Damara","twitter_card":"summary_large_image","twitter_misc":{"Escrito por":"Damara","Tiempo de lectura":"7 minutos"},"schema":{"@context":"https:\/\/schema.org","@graph":[{"@type":"Article","@id":"https:\/\/damara.cat\/es\/caracter-desarrollo-infantil\/#article","isPartOf":{"@id":"https:\/\/damara.cat\/es\/caracter-desarrollo-infantil\/"},"author":{"name":"Damara","@id":"https:\/\/damara.cat\/es\/#\/schema\/person\/be357b9b286d46d0d4be312e87dbb6cb"},"headline":"El car\u00e1cter y el desarrollo infantil","datePublished":"2022-10-20T08:47:51+00:00","dateModified":"2022-10-20T08:47:55+00:00","mainEntityOfPage":{"@id":"https:\/\/damara.cat\/es\/caracter-desarrollo-infantil\/"},"wordCount":1220,"publisher":{"@id":"https:\/\/damara.cat\/es\/#organization"},"image":{"@id":"https:\/\/damara.cat\/es\/caracter-desarrollo-infantil\/#primaryimage"},"thumbnailUrl":"https:\/\/damara.cat\/wp-content\/uploads\/2022\/10\/1.png","keywords":["caracter infantil","etapas desarrollo"],"articleSection":["acompa\u00f1amiento","ni\u00f1os y familias"],"inLanguage":"es"},{"@type":"WebPage","@id":"https:\/\/damara.cat\/es\/caracter-desarrollo-infantil\/","url":"https:\/\/damara.cat\/es\/caracter-desarrollo-infantil\/","name":"El car\u00e1cter y desarrollo infantil","isPartOf":{"@id":"https:\/\/damara.cat\/es\/#website"},"primaryImageOfPage":{"@id":"https:\/\/damara.cat\/es\/caracter-desarrollo-infantil\/#primaryimage"},"image":{"@id":"https:\/\/damara.cat\/es\/caracter-desarrollo-infantil\/#primaryimage"},"thumbnailUrl":"https:\/\/damara.cat\/wp-content\/uploads\/2022\/10\/1.png","datePublished":"2022-10-20T08:47:51+00:00","dateModified":"2022-10-20T08:47:55+00:00","description":"Este mes hablamos del car\u00e1cter y la personalidad de les ni\u00f1es. Cuando nos convertimos en madres o padres, a menuda, nos preocupa c\u00f3mo ser\u00e1n nuestres el car\u00e1cter viene muy definido por las vivencias que tiene une ni\u00f1e y en este art\u00edculo intentaremos explicarlo.","breadcrumb":{"@id":"https:\/\/damara.cat\/es\/caracter-desarrollo-infantil\/#breadcrumb"},"inLanguage":"es","potentialAction":[{"@type":"ReadAction","target":["https:\/\/damara.cat\/es\/caracter-desarrollo-infantil\/"]}]},{"@type":"ImageObject","inLanguage":"es","@id":"https:\/\/damara.cat\/es\/caracter-desarrollo-infantil\/#primaryimage","url":"https:\/\/damara.cat\/wp-content\/uploads\/2022\/10\/1.png","contentUrl":"https:\/\/damara.cat\/wp-content\/uploads\/2022\/10\/1.png","width":900,"height":450},{"@type":"BreadcrumbList","@id":"https:\/\/damara.cat\/es\/caracter-desarrollo-infantil\/#breadcrumb","itemListElement":[{"@type":"ListItem","position":1,"name":"Portada","item":"https:\/\/damara.cat\/es\/"},{"@type":"ListItem","position":2,"name":"El car\u00e1cter y el desarrollo infantil"}]},{"@type":"WebSite","@id":"https:\/\/damara.cat\/es\/#website","url":"https:\/\/damara.cat\/es\/","name":"Damara","description":"Acompanyament a infants i fam\u00edlies","publisher":{"@id":"https:\/\/damara.cat\/es\/#organization"},"potentialAction":[{"@type":"SearchAction","target":{"@type":"EntryPoint","urlTemplate":"https:\/\/damara.cat\/es\/?s={search_term_string}"},"query-input":{"@type":"PropertyValueSpecification","valueRequired":true,"valueName":"search_term_string"}}],"inLanguage":"es"},{"@type":"Organization","@id":"https:\/\/damara.cat\/es\/#organization","name":"Damara","url":"https:\/\/damara.cat\/es\/","logo":{"@type":"ImageObject","inLanguage":"es","@id":"https:\/\/damara.cat\/es\/#\/schema\/logo\/image\/","url":"https:\/\/damara.cat\/wp-content\/uploads\/2019\/03\/Damara-acompanyament-a-infants-i-families-1000-2.png","contentUrl":"https:\/\/damara.cat\/wp-content\/uploads\/2019\/03\/Damara-acompanyament-a-infants-i-families-1000-2.png","width":1000,"height":538,"caption":"Damara"},"image":{"@id":"https:\/\/damara.cat\/es\/#\/schema\/logo\/image\/"},"sameAs":["https:\/\/www.facebook.com\/damara.cat\/"]},{"@type":"Person","@id":"https:\/\/damara.cat\/es\/#\/schema\/person\/be357b9b286d46d0d4be312e87dbb6cb","name":"Damara","image":{"@type":"ImageObject","inLanguage":"es","@id":"https:\/\/secure.gravatar.com\/avatar\/f85b2e6190c037f7ffd5eee1e37bdde00fd4de820fab3b8141ebc35eee92b369?s=96&d=mm&r=g","url":"https:\/\/secure.gravatar.com\/avatar\/f85b2e6190c037f7ffd5eee1e37bdde00fd4de820fab3b8141ebc35eee92b369?s=96&d=mm&r=g","contentUrl":"https:\/\/secure.gravatar.com\/avatar\/f85b2e6190c037f7ffd5eee1e37bdde00fd4de820fab3b8141ebc35eee92b369?s=96&d=mm&r=g","caption":"Damara"},"sameAs":["https:\/\/damara.cat"]}]}},"_links":{"self":[{"href":"https:\/\/damara.cat\/es\/wp-json\/wp\/v2\/posts\/25206","targetHints":{"allow":["GET"]}}],"collection":[{"href":"https:\/\/damara.cat\/es\/wp-json\/wp\/v2\/posts"}],"about":[{"href":"https:\/\/damara.cat\/es\/wp-json\/wp\/v2\/types\/post"}],"author":[{"embeddable":true,"href":"https:\/\/damara.cat\/es\/wp-json\/wp\/v2\/users\/4"}],"replies":[{"embeddable":true,"href":"https:\/\/damara.cat\/es\/wp-json\/wp\/v2\/comments?post=25206"}],"version-history":[{"count":0,"href":"https:\/\/damara.cat\/es\/wp-json\/wp\/v2\/posts\/25206\/revisions"}],"wp:featuredmedia":[{"embeddable":true,"href":"https:\/\/damara.cat\/es\/wp-json\/wp\/v2\/media\/25197"}],"wp:attachment":[{"href":"https:\/\/damara.cat\/es\/wp-json\/wp\/v2\/media?parent=25206"}],"wp:term":[{"taxonomy":"category","embeddable":true,"href":"https:\/\/damara.cat\/es\/wp-json\/wp\/v2\/categories?post=25206"},{"taxonomy":"post_tag","embeddable":true,"href":"https:\/\/damara.cat\/es\/wp-json\/wp\/v2\/tags?post=25206"}],"curies":[{"name":"wp","href":"https:\/\/api.w.org\/{rel}","templated":true}]}}