{"id":25130,"date":"2022-06-02T17:43:06","date_gmt":"2022-06-02T15:43:06","guid":{"rendered":"https:\/\/damara.cat\/?p=25130"},"modified":"2022-06-02T17:43:10","modified_gmt":"2022-06-02T15:43:10","slug":"importancia-autocuidado-crianza","status":"publish","type":"post","link":"https:\/\/damara.cat\/es\/importancia-autocuidado-crianza\/","title":{"rendered":"La importancia del autocuidado en la crianza\ufffc"},"content":{"rendered":"\n<p>Vivimos en tiempos de aceleraci\u00f3n y productividad constante. Cada vez tenemos que hacer m\u00e1s cosas y ser mejor tanto en el \u00e1mbito profesional como familiar, personal o de ocio. Una (auto)exigencia que resulta imposible y agotadora. Y es que, como dice el fil\u00f3sofo Byung Chul Han, vivimos en la sociedad del cansancio.<\/p>\n\n\n\n<p>Tanto es as\u00ed que llega un momento en el que no tenemos m\u00e1s remedio que parar, respirar y preguntarnos qu\u00e9 estamos haciendo y, sobre todo, si lo que estamos haciendo es lo que queremos. Y adem\u00e1s, hacerlo sin sentirnos culpables por ello.<\/p>\n\n\n\n<p>\u00a1Un aut\u00e9ntico reto!<\/p>\n\n\n\n<p>Un reto que tambi\u00e9n tenemos que afrontar como madres y padres. Aprender a cuidarnos sin este sentimiento de culpa resulta una de las tareas m\u00e1s importante, pero a la vez olvidades cuando tenemos hijes.<\/p>\n\n\n\n<p>Como madres y padres necesitamos cuidar de nosotres mismes para mantener un estado de salud \u00f3ptimo -f\u00edsico y mental-, que nos permita atender y cuidar de les m\u00e1s peque\u00f1es. Cuidarnos es fundamental para ofrecer una crianza respetuosa y de calidad. Asumir cargas excesivas, no descansar lo suficiente o no disfrutar de espacio y tiempo propio para nosotres puede afectar nuestra manera de relacionarnos y acompa\u00f1ar a les ni\u00f1es.<\/p>\n\n\n\n<p>Aprender a cuidarse, no obstante, va mucho m\u00e1s all\u00e1 de una alimentaci\u00f3n saludable, hacer ejercicio o descansar. Cuidarse para cuidar es un proceso mucho m\u00e1s profundo y en el que a estas variables m\u00e1s f\u00edsicas hay que a\u00f1adir otras, que no siempre resultan f\u00e1ciles. Por eso, en este art\u00edculo queremos destacar algunas de ellas, especialmente ahora que se acercan las vacaciones escolares y las rutinas y procesos pueden verse alterados.<\/p>\n\n\n\n<h5 class=\"wp-block-heading\"><strong>Cuidarse es\u2026 respetarnos y establecer l\u00edmites<\/strong><\/h5>\n\n\n\n<p>Solo si nos respetamos a nosotres mismes y sabemos reconocer y establecer l\u00edmites personales podremos mostrar a nuestres hijes el camino hacia el respeto personal. Aunque a veces no lo parezca, los m\u00e1s peque\u00f1es se dan cuenta de manera inconsciente cuando una madre o un padre no practica el autocuidado.<\/p>\n\n\n\n<p>Por eso, resulta tan importante cuidarnos y tener en cuenta c\u00f3mo nos sentimos, c\u00f3mo estamos y c\u00f3mo nos afecta la crianza y el acompa\u00f1amiento a nuestres hijes. Tambi\u00e9n c\u00f3mo reaccionamos ante ciertas cosas.<\/p>\n\n\n\n<p>No hay nada malo en asumir que hay cosas que nos superan y ser honestes con nosotres mismes para poder trabajar la frustraci\u00f3n o cualquier otra emoci\u00f3n que se nos despierte durante la crianza.<\/p>\n\n\n\n<p>Si solo damos sin atender a c\u00f3mo estamos, si nos juzgamos cuando no podemos m\u00e1s o nos enfadamos o si queremos hacerlo siempre mejor estamos educando a nuestres hijes en el juicio y la exigencia, as\u00ed como en la desconexi\u00f3n personal respecto a la necesidad del otre. No hay que olvidar que existe una sutil diferencia entre entregarnos y desbordarnos.<\/p>\n\n\n\n<h5 class=\"wp-block-heading\"><strong>Cuidarse es\u2026 rebajar nuestras expectativas<\/strong><\/h5>\n\n\n\n<p>Y dejar atr\u00e1s las ideas que ten\u00edamos sobre la maternidad o paternidad. Tambi\u00e9n sobre c\u00f3mo imagin\u00e1bamos que ser\u00edamos nosotros en un proceso as\u00ed.<\/p>\n\n\n\n<p>El autocuidado implica asumir que somos humanos y tenemos limitaciones. Necesitamos aceptar que hay cosas que no podremos hacer pese a desearlo ya que las circunstancias de la vida resultan imprevisibles e imposibles de controlar. Podemos pensar, por ejemplo, que tendremos un parto natural, pero resulta ser una opci\u00f3n arriesgada llegada el momento o querer una lactancia prolongada que lo es menos de lo planificado. Para cuidarnos es imprescindible asumir que las cosas no siempre suceden como pens\u00e1bamos y, por eso, el respeto personal implica rebajar esas expectativas. Anhelar una crianza de manual puede desnaturalizar el acompa\u00f1amiento a nuestres hijes.<\/p>\n\n\n\n<h5 class=\"wp-block-heading\"><strong>Cuidarse es\u2026 cultivar la relaci\u00f3n de pareja<\/strong><\/h5>\n\n\n\n<p>Si vivimos la maternidad o paternidad en pareja, un buen equilibrio entre sus miembros permite un mejor reparto de la crianza y resulta fundamental para evitar sobrecargarnos en este per\u00edodo.<\/p>\n\n\n\n<p>Cuidar de la pareja es tambi\u00e9n cuidarnos a nosotres mismes y a nuestres hijes. Por eso, es importante ser conscientes de las situaciones que pueden generar conflicto y hacer trabajo personal para conseguir unas relaciones m\u00e1s saludables. Hacer t\u00e1ndem en la crianza es fundamental para descargar y curar. La sexualidad, adem\u00e1s, nos permite descargar tensiones que se acumulan en el d\u00eda a d\u00eda y que pueden acabar recayendo en les ni\u00f1es.<\/p>\n\n\n\n<h5 class=\"wp-block-heading\"><strong>Cuidarse es&#8230; mantener un espacio y tiempo propios<\/strong><\/h5>\n\n\n\n<p>Cuando nos convertimos en mapadres resulta muy dif\u00edcil no identificarse en todo momento con nuestro rol de madre o padre. Cuidarnos pasa por saber generar espacios y momentos de desconexi\u00f3n de ese rol y al margen de la crianza porque, aunque se nos olvide, seguimos siendo personas m\u00e1s all\u00e1 de nuestres hijes.<\/p>\n\n\n\n<p>La culpa, de nuevo, surge en estas situaciones y resulta todo un reto cuando intentamos \u2018reservar\u2019 tiempo para ver a nuestres amigues, ir al cine o al gimnasio, por ejemplo. Incluso puede surgir cuando buscamos tiempo para trabajar o para leer un libro. Estos momentos, que pueden parecer poco importantes, resultan vitales para poder cuidarnos, recargar energ\u00eda y acompa\u00f1ar a nuestres hijes de la mejor manera posible.<\/p>\n\n\n\n<p>En Damara somos conscientes de que no resulta f\u00e1cil cuidarse en estos momentos de nuestras vidas. Por eso, trabajamos tambi\u00e9n el acompa\u00f1amiento familiar y defendemos desde este espacio la importancia de esos peque\u00f1os gestos que nos permitan desconectar y disfrutarnos.<\/p>\n\n\n\n<p>Como ya hemos remarcado antes, el autocuidado empieza en el respeto a une misme.<\/p>\n","protected":false},"excerpt":{"rendered":"<p>Vivimos en tiempos de aceleraci\u00f3n y productividad constante. Cada vez tenemos que hacer m\u00e1s cosas y ser mejor tanto en el \u00e1mbito profesional como familiar, personal o de ocio. Una (auto)exigencia que resulta imposible y agotadora. Y es que, como dice el fil\u00f3sofo Byung Chul Han, vivimos en la sociedad del cansancio. Tanto es as\u00ed [&hellip;]<\/p>\n","protected":false},"author":4,"featured_media":25128,"comment_status":"closed","ping_status":"closed","sticky":false,"template":"","format":"standard","meta":{"_et_pb_use_builder":"","_et_pb_old_content":"","_et_gb_content_width":"","_joinchat":[],"footnotes":""},"categories":[61,49],"tags":[111,114,112,113],"class_list":["post-25130","post","type-post","status-publish","format-standard","has-post-thumbnail","hentry","category-acompanamiento","category-gestion-emocional-adultos","tag-autocuidado","tag-cuidarse","tag-maternidad","tag-paternidad"],"yoast_head":"<!-- This site is optimized with the Yoast SEO plugin v27.5 - https:\/\/yoast.com\/product\/yoast-seo-wordpress\/ -->\n<title>La importancia del autocuidado en la crianza<\/title>\n<meta name=\"description\" content=\"Vivimos en tiempos de aceleraci\u00f3n y productividad constante. Cada vez tenemos que hacer m\u00e1s cosas y ser mejor tanto en el \u00e1mbito profesional como Aprender a cuidarnos es todo un reto y una de las tareas m\u00e1s importantes cuando somos madres o padres. De ello hablamos en un art\u00edculo &#039;libre&#039; de culpa.\" \/>\n<meta name=\"robots\" content=\"index, follow, max-snippet:-1, max-image-preview:large, max-video-preview:-1\" \/>\n<link rel=\"canonical\" href=\"https:\/\/damara.cat\/es\/importancia-autocuidado-crianza\/\" \/>\n<meta property=\"og:locale\" content=\"es_ES\" \/>\n<meta property=\"og:type\" content=\"article\" \/>\n<meta property=\"og:title\" content=\"La importancia del autocuidado en la crianza\" \/>\n<meta property=\"og:description\" content=\"Vivimos en tiempos de aceleraci\u00f3n y productividad constante. Cada vez tenemos que hacer m\u00e1s cosas y ser mejor tanto en el \u00e1mbito profesional como Aprender a cuidarnos es todo un reto y una de las tareas m\u00e1s importantes cuando somos madres o padres. De ello hablamos en un art\u00edculo &#039;libre&#039; de culpa.\" \/>\n<meta property=\"og:url\" content=\"https:\/\/damara.cat\/es\/importancia-autocuidado-crianza\/\" \/>\n<meta property=\"og:site_name\" content=\"Damara\" \/>\n<meta property=\"article:publisher\" content=\"https:\/\/www.facebook.com\/damara.cat\/\" \/>\n<meta property=\"article:published_time\" content=\"2022-06-02T15:43:06+00:00\" \/>\n<meta property=\"article:modified_time\" content=\"2022-06-02T15:43:10+00:00\" \/>\n<meta property=\"og:image\" content=\"https:\/\/damara.cat\/wp-content\/uploads\/2022\/05\/PLANTILLA-BLOG-1.png\" \/>\n\t<meta property=\"og:image:width\" content=\"900\" \/>\n\t<meta property=\"og:image:height\" content=\"450\" \/>\n\t<meta property=\"og:image:type\" content=\"image\/png\" \/>\n<meta name=\"author\" content=\"Damara\" \/>\n<meta name=\"twitter:card\" content=\"summary_large_image\" \/>\n<meta name=\"twitter:label1\" content=\"Escrito por\" \/>\n\t<meta name=\"twitter:data1\" content=\"Damara\" \/>\n\t<meta name=\"twitter:label2\" content=\"Tiempo de lectura\" \/>\n\t<meta name=\"twitter:data2\" content=\"5 minutos\" \/>\n<script type=\"application\/ld+json\" class=\"yoast-schema-graph\">{\"@context\":\"https:\\\/\\\/schema.org\",\"@graph\":[{\"@type\":\"Article\",\"@id\":\"https:\\\/\\\/damara.cat\\\/es\\\/importancia-autocuidado-crianza\\\/#article\",\"isPartOf\":{\"@id\":\"https:\\\/\\\/damara.cat\\\/es\\\/importancia-autocuidado-crianza\\\/\"},\"author\":{\"name\":\"Damara\",\"@id\":\"https:\\\/\\\/damara.cat\\\/es\\\/#\\\/schema\\\/person\\\/be357b9b286d46d0d4be312e87dbb6cb\"},\"headline\":\"La importancia del autocuidado en la crianza\ufffc\",\"datePublished\":\"2022-06-02T15:43:06+00:00\",\"dateModified\":\"2022-06-02T15:43:10+00:00\",\"mainEntityOfPage\":{\"@id\":\"https:\\\/\\\/damara.cat\\\/es\\\/importancia-autocuidado-crianza\\\/\"},\"wordCount\":940,\"publisher\":{\"@id\":\"https:\\\/\\\/damara.cat\\\/es\\\/#organization\"},\"image\":{\"@id\":\"https:\\\/\\\/damara.cat\\\/es\\\/importancia-autocuidado-crianza\\\/#primaryimage\"},\"thumbnailUrl\":\"https:\\\/\\\/damara.cat\\\/wp-content\\\/uploads\\\/2022\\\/05\\\/PLANTILLA-BLOG-1.png\",\"keywords\":[\"autocuidado\",\"cuidarse\",\"maternidad\",\"paternidad\"],\"articleSection\":[\"acompa\u00f1amiento\",\"Gesti\u00f3n emocional Adultos\"],\"inLanguage\":\"es\"},{\"@type\":\"WebPage\",\"@id\":\"https:\\\/\\\/damara.cat\\\/es\\\/importancia-autocuidado-crianza\\\/\",\"url\":\"https:\\\/\\\/damara.cat\\\/es\\\/importancia-autocuidado-crianza\\\/\",\"name\":\"La importancia del autocuidado en la crianza\",\"isPartOf\":{\"@id\":\"https:\\\/\\\/damara.cat\\\/es\\\/#website\"},\"primaryImageOfPage\":{\"@id\":\"https:\\\/\\\/damara.cat\\\/es\\\/importancia-autocuidado-crianza\\\/#primaryimage\"},\"image\":{\"@id\":\"https:\\\/\\\/damara.cat\\\/es\\\/importancia-autocuidado-crianza\\\/#primaryimage\"},\"thumbnailUrl\":\"https:\\\/\\\/damara.cat\\\/wp-content\\\/uploads\\\/2022\\\/05\\\/PLANTILLA-BLOG-1.png\",\"datePublished\":\"2022-06-02T15:43:06+00:00\",\"dateModified\":\"2022-06-02T15:43:10+00:00\",\"description\":\"Vivimos en tiempos de aceleraci\u00f3n y productividad constante. Cada vez tenemos que hacer m\u00e1s cosas y ser mejor tanto en el \u00e1mbito profesional como Aprender a cuidarnos es todo un reto y una de las tareas m\u00e1s importantes cuando somos madres o padres. De ello hablamos en un art\u00edculo 'libre' de culpa.\",\"breadcrumb\":{\"@id\":\"https:\\\/\\\/damara.cat\\\/es\\\/importancia-autocuidado-crianza\\\/#breadcrumb\"},\"inLanguage\":\"es\",\"potentialAction\":[{\"@type\":\"ReadAction\",\"target\":[\"https:\\\/\\\/damara.cat\\\/es\\\/importancia-autocuidado-crianza\\\/\"]}]},{\"@type\":\"ImageObject\",\"inLanguage\":\"es\",\"@id\":\"https:\\\/\\\/damara.cat\\\/es\\\/importancia-autocuidado-crianza\\\/#primaryimage\",\"url\":\"https:\\\/\\\/damara.cat\\\/wp-content\\\/uploads\\\/2022\\\/05\\\/PLANTILLA-BLOG-1.png\",\"contentUrl\":\"https:\\\/\\\/damara.cat\\\/wp-content\\\/uploads\\\/2022\\\/05\\\/PLANTILLA-BLOG-1.png\",\"width\":900,\"height\":450,\"caption\":\"Autocura-temps per mi\"},{\"@type\":\"BreadcrumbList\",\"@id\":\"https:\\\/\\\/damara.cat\\\/es\\\/importancia-autocuidado-crianza\\\/#breadcrumb\",\"itemListElement\":[{\"@type\":\"ListItem\",\"position\":1,\"name\":\"Portada\",\"item\":\"https:\\\/\\\/damara.cat\\\/es\\\/\"},{\"@type\":\"ListItem\",\"position\":2,\"name\":\"La importancia del autocuidado en la crianza\ufffc\"}]},{\"@type\":\"WebSite\",\"@id\":\"https:\\\/\\\/damara.cat\\\/es\\\/#website\",\"url\":\"https:\\\/\\\/damara.cat\\\/es\\\/\",\"name\":\"Damara\",\"description\":\"Acompanyament a infants i fam\u00edlies\",\"publisher\":{\"@id\":\"https:\\\/\\\/damara.cat\\\/es\\\/#organization\"},\"potentialAction\":[{\"@type\":\"SearchAction\",\"target\":{\"@type\":\"EntryPoint\",\"urlTemplate\":\"https:\\\/\\\/damara.cat\\\/es\\\/?s={search_term_string}\"},\"query-input\":{\"@type\":\"PropertyValueSpecification\",\"valueRequired\":true,\"valueName\":\"search_term_string\"}}],\"inLanguage\":\"es\"},{\"@type\":\"Organization\",\"@id\":\"https:\\\/\\\/damara.cat\\\/es\\\/#organization\",\"name\":\"Damara\",\"url\":\"https:\\\/\\\/damara.cat\\\/es\\\/\",\"logo\":{\"@type\":\"ImageObject\",\"inLanguage\":\"es\",\"@id\":\"https:\\\/\\\/damara.cat\\\/es\\\/#\\\/schema\\\/logo\\\/image\\\/\",\"url\":\"https:\\\/\\\/damara.cat\\\/wp-content\\\/uploads\\\/2019\\\/03\\\/Damara-acompanyament-a-infants-i-families-1000-2.png\",\"contentUrl\":\"https:\\\/\\\/damara.cat\\\/wp-content\\\/uploads\\\/2019\\\/03\\\/Damara-acompanyament-a-infants-i-families-1000-2.png\",\"width\":1000,\"height\":538,\"caption\":\"Damara\"},\"image\":{\"@id\":\"https:\\\/\\\/damara.cat\\\/es\\\/#\\\/schema\\\/logo\\\/image\\\/\"},\"sameAs\":[\"https:\\\/\\\/www.facebook.com\\\/damara.cat\\\/\"]},{\"@type\":\"Person\",\"@id\":\"https:\\\/\\\/damara.cat\\\/es\\\/#\\\/schema\\\/person\\\/be357b9b286d46d0d4be312e87dbb6cb\",\"name\":\"Damara\",\"image\":{\"@type\":\"ImageObject\",\"inLanguage\":\"es\",\"@id\":\"https:\\\/\\\/secure.gravatar.com\\\/avatar\\\/f85b2e6190c037f7ffd5eee1e37bdde00fd4de820fab3b8141ebc35eee92b369?s=96&d=mm&r=g\",\"url\":\"https:\\\/\\\/secure.gravatar.com\\\/avatar\\\/f85b2e6190c037f7ffd5eee1e37bdde00fd4de820fab3b8141ebc35eee92b369?s=96&d=mm&r=g\",\"contentUrl\":\"https:\\\/\\\/secure.gravatar.com\\\/avatar\\\/f85b2e6190c037f7ffd5eee1e37bdde00fd4de820fab3b8141ebc35eee92b369?s=96&d=mm&r=g\",\"caption\":\"Damara\"},\"sameAs\":[\"https:\\\/\\\/damara.cat\"]}]}<\/script>\n<!-- \/ Yoast SEO plugin. -->","yoast_head_json":{"title":"La importancia del autocuidado en la crianza","description":"Vivimos en tiempos de aceleraci\u00f3n y productividad constante. Cada vez tenemos que hacer m\u00e1s cosas y ser mejor tanto en el \u00e1mbito profesional como Aprender a cuidarnos es todo un reto y una de las tareas m\u00e1s importantes cuando somos madres o padres. De ello hablamos en un art\u00edculo 'libre' de culpa.","robots":{"index":"index","follow":"follow","max-snippet":"max-snippet:-1","max-image-preview":"max-image-preview:large","max-video-preview":"max-video-preview:-1"},"canonical":"https:\/\/damara.cat\/es\/importancia-autocuidado-crianza\/","og_locale":"es_ES","og_type":"article","og_title":"La importancia del autocuidado en la crianza","og_description":"Vivimos en tiempos de aceleraci\u00f3n y productividad constante. Cada vez tenemos que hacer m\u00e1s cosas y ser mejor tanto en el \u00e1mbito profesional como Aprender a cuidarnos es todo un reto y una de las tareas m\u00e1s importantes cuando somos madres o padres. De ello hablamos en un art\u00edculo 'libre' de culpa.","og_url":"https:\/\/damara.cat\/es\/importancia-autocuidado-crianza\/","og_site_name":"Damara","article_publisher":"https:\/\/www.facebook.com\/damara.cat\/","article_published_time":"2022-06-02T15:43:06+00:00","article_modified_time":"2022-06-02T15:43:10+00:00","og_image":[{"width":900,"height":450,"url":"https:\/\/damara.cat\/wp-content\/uploads\/2022\/05\/PLANTILLA-BLOG-1.png","type":"image\/png"}],"author":"Damara","twitter_card":"summary_large_image","twitter_misc":{"Escrito por":"Damara","Tiempo de lectura":"5 minutos"},"schema":{"@context":"https:\/\/schema.org","@graph":[{"@type":"Article","@id":"https:\/\/damara.cat\/es\/importancia-autocuidado-crianza\/#article","isPartOf":{"@id":"https:\/\/damara.cat\/es\/importancia-autocuidado-crianza\/"},"author":{"name":"Damara","@id":"https:\/\/damara.cat\/es\/#\/schema\/person\/be357b9b286d46d0d4be312e87dbb6cb"},"headline":"La importancia del autocuidado en la crianza\ufffc","datePublished":"2022-06-02T15:43:06+00:00","dateModified":"2022-06-02T15:43:10+00:00","mainEntityOfPage":{"@id":"https:\/\/damara.cat\/es\/importancia-autocuidado-crianza\/"},"wordCount":940,"publisher":{"@id":"https:\/\/damara.cat\/es\/#organization"},"image":{"@id":"https:\/\/damara.cat\/es\/importancia-autocuidado-crianza\/#primaryimage"},"thumbnailUrl":"https:\/\/damara.cat\/wp-content\/uploads\/2022\/05\/PLANTILLA-BLOG-1.png","keywords":["autocuidado","cuidarse","maternidad","paternidad"],"articleSection":["acompa\u00f1amiento","Gesti\u00f3n emocional Adultos"],"inLanguage":"es"},{"@type":"WebPage","@id":"https:\/\/damara.cat\/es\/importancia-autocuidado-crianza\/","url":"https:\/\/damara.cat\/es\/importancia-autocuidado-crianza\/","name":"La importancia del autocuidado en la crianza","isPartOf":{"@id":"https:\/\/damara.cat\/es\/#website"},"primaryImageOfPage":{"@id":"https:\/\/damara.cat\/es\/importancia-autocuidado-crianza\/#primaryimage"},"image":{"@id":"https:\/\/damara.cat\/es\/importancia-autocuidado-crianza\/#primaryimage"},"thumbnailUrl":"https:\/\/damara.cat\/wp-content\/uploads\/2022\/05\/PLANTILLA-BLOG-1.png","datePublished":"2022-06-02T15:43:06+00:00","dateModified":"2022-06-02T15:43:10+00:00","description":"Vivimos en tiempos de aceleraci\u00f3n y productividad constante. Cada vez tenemos que hacer m\u00e1s cosas y ser mejor tanto en el \u00e1mbito profesional como Aprender a cuidarnos es todo un reto y una de las tareas m\u00e1s importantes cuando somos madres o padres. De ello hablamos en un art\u00edculo 'libre' de culpa.","breadcrumb":{"@id":"https:\/\/damara.cat\/es\/importancia-autocuidado-crianza\/#breadcrumb"},"inLanguage":"es","potentialAction":[{"@type":"ReadAction","target":["https:\/\/damara.cat\/es\/importancia-autocuidado-crianza\/"]}]},{"@type":"ImageObject","inLanguage":"es","@id":"https:\/\/damara.cat\/es\/importancia-autocuidado-crianza\/#primaryimage","url":"https:\/\/damara.cat\/wp-content\/uploads\/2022\/05\/PLANTILLA-BLOG-1.png","contentUrl":"https:\/\/damara.cat\/wp-content\/uploads\/2022\/05\/PLANTILLA-BLOG-1.png","width":900,"height":450,"caption":"Autocura-temps per mi"},{"@type":"BreadcrumbList","@id":"https:\/\/damara.cat\/es\/importancia-autocuidado-crianza\/#breadcrumb","itemListElement":[{"@type":"ListItem","position":1,"name":"Portada","item":"https:\/\/damara.cat\/es\/"},{"@type":"ListItem","position":2,"name":"La importancia del autocuidado en la crianza\ufffc"}]},{"@type":"WebSite","@id":"https:\/\/damara.cat\/es\/#website","url":"https:\/\/damara.cat\/es\/","name":"Damara","description":"Acompanyament a infants i fam\u00edlies","publisher":{"@id":"https:\/\/damara.cat\/es\/#organization"},"potentialAction":[{"@type":"SearchAction","target":{"@type":"EntryPoint","urlTemplate":"https:\/\/damara.cat\/es\/?s={search_term_string}"},"query-input":{"@type":"PropertyValueSpecification","valueRequired":true,"valueName":"search_term_string"}}],"inLanguage":"es"},{"@type":"Organization","@id":"https:\/\/damara.cat\/es\/#organization","name":"Damara","url":"https:\/\/damara.cat\/es\/","logo":{"@type":"ImageObject","inLanguage":"es","@id":"https:\/\/damara.cat\/es\/#\/schema\/logo\/image\/","url":"https:\/\/damara.cat\/wp-content\/uploads\/2019\/03\/Damara-acompanyament-a-infants-i-families-1000-2.png","contentUrl":"https:\/\/damara.cat\/wp-content\/uploads\/2019\/03\/Damara-acompanyament-a-infants-i-families-1000-2.png","width":1000,"height":538,"caption":"Damara"},"image":{"@id":"https:\/\/damara.cat\/es\/#\/schema\/logo\/image\/"},"sameAs":["https:\/\/www.facebook.com\/damara.cat\/"]},{"@type":"Person","@id":"https:\/\/damara.cat\/es\/#\/schema\/person\/be357b9b286d46d0d4be312e87dbb6cb","name":"Damara","image":{"@type":"ImageObject","inLanguage":"es","@id":"https:\/\/secure.gravatar.com\/avatar\/f85b2e6190c037f7ffd5eee1e37bdde00fd4de820fab3b8141ebc35eee92b369?s=96&d=mm&r=g","url":"https:\/\/secure.gravatar.com\/avatar\/f85b2e6190c037f7ffd5eee1e37bdde00fd4de820fab3b8141ebc35eee92b369?s=96&d=mm&r=g","contentUrl":"https:\/\/secure.gravatar.com\/avatar\/f85b2e6190c037f7ffd5eee1e37bdde00fd4de820fab3b8141ebc35eee92b369?s=96&d=mm&r=g","caption":"Damara"},"sameAs":["https:\/\/damara.cat"]}]}},"_links":{"self":[{"href":"https:\/\/damara.cat\/es\/wp-json\/wp\/v2\/posts\/25130","targetHints":{"allow":["GET"]}}],"collection":[{"href":"https:\/\/damara.cat\/es\/wp-json\/wp\/v2\/posts"}],"about":[{"href":"https:\/\/damara.cat\/es\/wp-json\/wp\/v2\/types\/post"}],"author":[{"embeddable":true,"href":"https:\/\/damara.cat\/es\/wp-json\/wp\/v2\/users\/4"}],"replies":[{"embeddable":true,"href":"https:\/\/damara.cat\/es\/wp-json\/wp\/v2\/comments?post=25130"}],"version-history":[{"count":0,"href":"https:\/\/damara.cat\/es\/wp-json\/wp\/v2\/posts\/25130\/revisions"}],"wp:featuredmedia":[{"embeddable":true,"href":"https:\/\/damara.cat\/es\/wp-json\/wp\/v2\/media\/25128"}],"wp:attachment":[{"href":"https:\/\/damara.cat\/es\/wp-json\/wp\/v2\/media?parent=25130"}],"wp:term":[{"taxonomy":"category","embeddable":true,"href":"https:\/\/damara.cat\/es\/wp-json\/wp\/v2\/categories?post=25130"},{"taxonomy":"post_tag","embeddable":true,"href":"https:\/\/damara.cat\/es\/wp-json\/wp\/v2\/tags?post=25130"}],"curies":[{"name":"wp","href":"https:\/\/api.w.org\/{rel}","templated":true}]}}