{"id":24799,"date":"2021-09-06T12:46:06","date_gmt":"2021-09-06T10:46:06","guid":{"rendered":"https:\/\/damara.cat\/el-inicio-de-la-vida\/"},"modified":"2023-06-12T12:24:02","modified_gmt":"2023-06-12T10:24:02","slug":"el-inicio-de-la-vida","status":"publish","type":"post","link":"https:\/\/damara.cat\/es\/el-inicio-de-la-vida\/","title":{"rendered":"El inicio de la vida"},"content":{"rendered":"\n<h2 class=\"wp-block-heading\">La importancia de hacer una crianza con apego<\/h2>\n\n\n\n<p>Hay culturas que sit\u00faan el inicio de la vida, de la conciencia del ni\u00f1o, en el primer momento en el que una mujer piensa en ser madre, como si este pensamiento fuese ya el que siembra la semilla de una futura criatura.<\/p>\n\n\n\n<p>Hay otras culturas, personas&#8230; que sit\u00faan el inicio de la vida en el momento de nacer: en ese preciso instante cuando el ni\u00f1o sale al mundo. Como si fuera a partir del parto cuando el beb\u00e9 ya empieza a vivir experiencias que tendr\u00e1n una influencia en su vida.<\/p>\n\n\n\n<p><p>Cada vez somos m\u00e1s las personas que creemos, y las investigaciones que lo demuestran, que <strong>el ni\u00f1o ya registra las primeras experiencias, que tendr\u00e1n una influencia directa en su vida, en el vientre de la madre<\/strong>.<\/p><\/p>\n\n\n\n<h4 class=\"wp-block-heading\">Cuidar de la madre durante todo el embarazo es sembrar la semilla para la salud mental y emocional en los ni\u00f1os.<\/h4>\n\n\n\n<p>En la etapa intrauterina la criatura y la madre son una sola persona. Todo lo que vive la madre a nivel emocional lo vive el ni\u00f1o.<\/p>\n\n\n\n<p>No es lo mismo una madre que durante el embarazo se siente sola y triste, que una madre que a pesar de los cambios que experimenta en esta etapa se siente acompa\u00f1ada, apoyada y protegida por las personas a quienes ama.<\/p>\n\n\n\n<p><p><strong>En la etapa intrauterina el ni\u00f1o ya registra a nivel corporal y de sensaciones, a trav\u00e9s de una memoria impl\u00edcita, todas las experiencias emocionales de la madre<\/strong>. Y esto, junto con la herencia gen\u00e9tica, ser\u00e1 lo que posteriormente marcar\u00e1 el tono del temperamento del ni\u00f1o. Por eso los beb\u00e9s ya nacen con cierto \u00abcar\u00e1cter\u00bb aunque \u00e9ste a\u00fan no est\u00e1 definido ni estructurado.<\/p><\/p>\n\n\n\n<p><p>Por lo tanto, <strong>la mejor manera de fomentar una salud mental y emocional en los ni\u00f1os es cuidar de la madre durante todo el embarazo d\u00e1ndole el apoyo emocional que necesita<\/strong>, pues si ella est\u00e1 tranquila el ni\u00f1o tambi\u00e9n lo estar\u00e1.<\/p><\/p>\n\n\n\n<p>Hay que tener presente que durante la etapa del embarazo la madre entra en un estado regresivo donde se abren todas las memorias de su propia infancia, la relaci\u00f3n con su madre, su padre&#8230; y aunque sea un buen momento para que pueda observar aspectos que han quedado enterrados en su interior, experimentar todo eso sin ayuda puede conllevar un desbarajuste emocional importante para ella.<\/p>\n\n\n\n<ul class=\"wp-block-list\">\n<li>Si eres una mujer embarazada o acabas de tener una criatura hace poco, la primera pregunta que necesitas hacerte es: \u00bfC\u00f3mo me siento? \u00bfMe siento acompa\u00f1ada? \u00bfTengo espacios para poder venirme abajo con alguien?<\/li>\n\n\n\n<li>Si a tu alrededor tienes cerca a una mujer embarazada, preg\u00fantate c\u00f3mo la est\u00e1s acompa\u00f1ando y si puedes preguntarle como est\u00e1 y qu\u00e9 necesita.<\/li>\n\n\n\n<li>En esta etapa es de vital importancia el acompa\u00f1amiento de la TRIBU, y lo escribo en may\u00fasculas porque muchas y muchos de nosotros ya no sabemos qu\u00e9 es eso de la tribu.<\/li>\n<\/ul>\n\n\n\n<h4 class=\"wp-block-heading\">Todas las experiencias que viven los beb\u00e9s en la primera etapa de vida quedan registradas en una memoria no consciente.\n<\/h4>\n\n\n\n<p><p><strong>El feto, al inicio del per\u00edodo del embarazo, ya tiene los sentidos activos<\/strong>. El futuro ni\u00f1o ya siente, huele, saborea y escucha. As\u00ed que <strong>cuando nace ya tiene un \u00abv\u00ednculo\u00bb con la madre<\/strong>. Ya ha escuchado su voz, su coraz\u00f3n&#8230; y, cuando sale al mundo, ella es su \u00fanico espacio de seguridad.<\/p><\/p>\n\n\n\n<p><p>Pero, si en el momento del nacimiento este ni\u00f1o sufre una separaci\u00f3n abrupta, no es colocado inmediatamente sobre la madre o, por alguna dificultad, debe ser llevado a una incubadora, el beb\u00e9 ya experimenta y sufre esta primera separaci\u00f3n. Y <strong>el sufrimiento queda registrado en una memoria no consciente, llamada memoria impl\u00edcita<\/strong>.<\/p><\/p>\n\n\n\n<p><p><strong>La parte que est\u00e1 m\u00e1s activa en los primeros d\u00edas de vida es lo que se llama el segmento ocular, que incluye el sistema nervioso, el o\u00eddo, el olfato, la piel y la vista<\/strong>. Seg\u00fan <a href=\"https:\/\/es.wikipedia.org\/wiki\/Wilhelm_Reich\" target=\"_blank\" rel=\"noopener\">Wilhelm Reich<\/a>, m\u00e9dico que estudi\u00f3 en profundidad como se conformaba el car\u00e1cter, el segmento ocular es la primera zona er\u00f3gena. Es decir, donde el ni\u00f1o tiene toda la carga energ\u00e9tica.<\/p><\/p>\n\n\n\n<h4 class=\"wp-block-heading\">Los a\u00f1os m\u00e1s sensibles, la etapa de la construcci\u00f3n de los buenos v\u00ednculos.<\/h4>\n\n\n\n<p><p>Es f\u00e1cil ver c\u00f3mo en <strong>esta primera etapa la b\u00fasqueda del v\u00ednculo se hace a trav\u00e9s de los ojos<\/strong>, c\u00f3mo se busca el encuentro con el otro a trav\u00e9s de la vista, el contacto piel a piel&#8230;<\/p><\/p>\n\n\n\n<ul class=\"wp-block-list\">\n<li><p>Por todo ello, es importante que los adultos empecemos a <strong>valorar todas las experiencias que viven los beb\u00e9s en su primera etapa<\/strong>. Y como son vivencias que tienen en una edad donde no hay una memoria consciente, a veces puede parecernos que cuando sean mayores no recordar\u00e1n nada, que lo vivido en estos primeros a\u00f1os de vida no dejar\u00e1 ninguna se\u00f1al. Es necesario que empecemos a ver que <strong>todas las experiencias dejan una marca, sobre todo aquellas donde no hay respeto a las necesidades del ni\u00f1o<\/strong>. Por ejemplo: No es lo mismo un parto donde se respetan los ritmos y procesos de la criatura, que un parto provocado por las necesidades de la instituci\u00f3n m\u00e9dica en cuesti\u00f3n y no por las de la madre y el beb\u00e9.<\/p><\/li>\n<\/ul>\n\n\n\n<ul class=\"wp-block-list\">\n<li><p>Tambi\u00e9n debemos <strong>ser conscientes de que los ni\u00f1os no van a vivir en un mundo de color de rosa y que las experiencias con dolor, dificultades&#8230; forman parte de la vida<\/strong>. De modo que hay que tener muy presente que un ni\u00f1o sometido desde muy peque\u00f1o a situaciones adversas tendr\u00e1 una marca en la personalidad y un aislamiento hacia la vida. Y que, en cambio, un ni\u00f1o que haya sido respetado al m\u00e1ximo y acogido de forma natural se abrir\u00e1 a las experiencias de la vida y tambi\u00e9n podr\u00e1 acoger mejor sus momentos de dificultad porque tendr\u00e1 un registro interno m\u00e1s sustentado.<\/p><\/li>\n<\/ul>\n\n\n\n<ul class=\"wp-block-list\">\n<li><p>La evoluci\u00f3n de un ni\u00f1o se da en etapas sucesivas. <strong>La etapa m\u00e1s sensible es la primera, que va de los 0 a los 6 a\u00f1os. En esta fase se construyen los pilares de la estructura psicol\u00f3gica del ni\u00f1o<\/strong>. Por eso son los a\u00f1os sagrados de la infancia, como los nombra la escritora y terapeuta <a href=\"http:\/\/www.gestaltgranada.es\/pagina\/pagina_personal_evania_reichert\/\" target=\"_blank\" rel=\"noopener\">Ev\u00e2nia Reichert<\/a> autora del libro \u00abInfancia, la edad sagrada\u00bb. Los a\u00f1os con los que hay que tener m\u00e1s cuidado. Un ni\u00f1o con unos buenos cimientos, as\u00ed como un edificio, tendr\u00e1 m\u00e1s fortaleza para poder sostener las experiencias de la vida.<\/p><\/li>\n<\/ul>\n\n\n\n<h4 class=\"wp-block-heading\">\u00bfQu\u00e9 necesita una criatura en su primera etapa de vida?<\/h4>\n\n\n\n<p><p>As\u00ed como hemos hablado de lo importante que es el acompa\u00f1amiento emocional de la madre durante el embarazo, una vez el ni\u00f1o ha nacido <strong>la primera necesidad de la criatura, obviando las de alimentaci\u00f3n, higiene&#8230; es la disponibilidad afectiva de la madre o de la persona cuidadora<\/strong>.<\/p><\/p>\n\n\n\n<ul class=\"wp-block-list\">\n<li>Si el ni\u00f1o se siente mirado, acogido, atendido ante sus necesidades, con una disponibilidad f\u00edsica, su desarrollo seguir\u00e1 adelante.<\/li>\n<\/ul>\n\n\n\n<ul class=\"wp-block-list\">\n<li>Una criatura que en sus primeros d\u00edas de vida no es atendida por una persona adulta amorosa, que cuando llora no recibe auxilio, ni es cambiada cuando lo necesita&#8230; ver\u00e1 afectado y alterado su sistema nervioso, pues ella por si sola no puede regularse emocionalmente.<\/li>\n<\/ul>\n\n\n\n<ul class=\"wp-block-list\">\n<li><p>Debemos tener en cuenta que <strong>los beb\u00e9s no se pueden regular solos, lo deben hacer los adultos<\/strong>. De ah\u00ed la gran importancia de ser sensibles a todas las demandas del beb\u00e9.<\/p><\/li>\n<\/ul>\n\n\n\n<ul class=\"wp-block-list\">\n<li>En el primer a\u00f1o de vida el ni\u00f1o ir\u00e1 evolucionando hacia una mayor autonom\u00eda, pero a\u00fan no tiene la posibilidad de afrontar por si mismo las necesidades b\u00e1sicas (alimentaci\u00f3n, calor emocional&#8230;). Por lo tanto, la manera que tienen de hacerse entender y captar la atenci\u00f3n del adulto es llorando o gritando. Y es de suma importancia que podamos atender estas necesidades.<\/li>\n<\/ul>\n\n\n\n<ul class=\"wp-block-list\">\n<li>M\u00e1s adelante, en el camino a la autonom\u00eda, el ni\u00f1o ya ir\u00e1 poco a poco pudiendo gestionar m\u00e1s la frustraci\u00f3n, el tiempo de poder aguantar sus dificultades&#8230; Pero eso s\u00f3lo ser\u00e1 as\u00ed si en las primeras etapas ha habido cerca un adulto suficientemente emp\u00e1tico para atenderlo.<\/li>\n<\/ul>\n\n\n\n<ul class=\"wp-block-list\">\n<li>Debemos tener en cuenta que la empat\u00eda se aprende de haber vivido la experiencia de haber tenido a un adulto emp\u00e1tico que supo atender nuestras necesidades cuando \u00e9ramos peque\u00f1os.<\/li>\n<\/ul>\n\n\n\n<h4 class=\"wp-block-heading\">La crianza con apego es un acto revolucionario.<\/h4>\n\n\n\n<p><p>Lejos de lo que muchas veces escuchamos en las conversaciones con amigas, amigos y familiares,<strong> el alimento emocional m\u00e1s nutritivo que podemos dar en esta primera etapa es una presencia y disponibilidad constante, una proximidad emocional y emp\u00e1tica para poder atender todas las necesidades del beb\u00e9, y todo el amor y el m\u00e1ximo contacto que le podamos ofrecer.<\/strong> A pesar de la opini\u00f3n en contra de algunos y algunas, haciendo esto no les mimamos sino que les damos la base necesaria para poder avanzar hacia la siguiente etapa, la de la autonom\u00eda.<\/p><\/p>\n\n\n\n<p><p><strong>Ofrecer un v\u00ednculo seguro<\/strong>, que pasa por la presencia de un adulto disponible a las demandas de los ni\u00f1os, es el mejor regalo que les podemos dar para la vida. Para la salud del propio ni\u00f1o y para la salud de la sociedad.<\/p><\/p>\n\n\n\n<p>Ni\u00f1os con una estabilidad, abiertos a la vida, con una estructura psicol\u00f3gica fuerte desarrollar\u00e1n sociedades con valores m\u00e1s humanos, que estar\u00e1n al servicio de las personas y no del capital.<\/p>\n\n\n\n<p><p>Por ello, <strong>la crianza con apego es, en esencia, un acto revolucionario<\/strong>.<\/p><\/p>\n\n\n\n<p><\/p>\n","protected":false},"excerpt":{"rendered":"<p>Los a\u00f1os m\u00e1s sensibles son la etapa de la construcci\u00f3n de los buenos v\u00ednculos. De los 0 a los 6 a\u00f1os se construyen los pilares de la estructura psicol\u00f3gica del ni\u00f1o.<\/p>\n<p>Por ello, hacer una crianza con apego y ofrecer un v\u00ednculo seguro es el mejor regalo que les podemos hacer para la vida. Para la salud del propio ni\u00f1o y para la salud de la sociedad.<\/p>\n<p>Ni\u00f1os con una estabilidad, abiertos a la vida, con una estructura psicol\u00f3gica fuerte har\u00e1n sociedades con valores m\u00e1s humanos, que estar\u00e1n al servicio de las personas y no del capital.<\/p>\n","protected":false},"author":4,"featured_media":25327,"comment_status":"closed","ping_status":"closed","sticky":false,"template":"","format":"standard","meta":{"_et_pb_use_builder":"","_et_pb_old_content":"","_et_gb_content_width":"","_joinchat":[],"footnotes":""},"categories":[37],"tags":[],"class_list":["post-24799","post","type-post","status-publish","format-standard","has-post-thumbnail","hentry","category-ninos-y-familias"],"yoast_head":"<!-- This site is optimized with the Yoast SEO plugin v27.5 - https:\/\/yoast.com\/product\/yoast-seo-wordpress\/ -->\n<title>El inicio de la vida &#8226; El inicio de la vida %<\/title>\n<meta name=\"description\" content=\"Los a\u00f1os m\u00e1s sensibles son la etapa de la construcci\u00f3n de los buenos v\u00ednculos. De los 0 a los 6 a\u00f1os se construyen los pilares de la estructura psicol\u00f3gica del ni\u00f1o.  Por ello, hacer una crianza con apego y ofrecer un v\u00ednculo seguro es el mejor regalo que les podemos hacer para la vida. Para la salud del propio ni\u00f1o y para la salud de la sociedad.  Ni\u00f1os con una estabilidad, abiertos a la vida, con una estructura psicol\u00f3gica fuerte har\u00e1n sociedades con valores m\u00e1s humanos, que estar\u00e1n al servicio de las personas y no del capital. Los a\u00f1os m\u00e1s sensibles son la etapa de la construcci\u00f3n de los buenos v\u00ednculos. De los 0 a los 6 a\u00f1os se construyen los pilares de la estructura psicol\u00f3gica del ni\u00f1o. Por ello, hacer una crianza con apego y ofrecer un v\u00ednculo seguro es el mejor regalo que les podemos hacer para la vida. Para la salud del propio ni\u00f1o y para la salud de la sociedad.\" \/>\n<meta name=\"robots\" content=\"index, follow, max-snippet:-1, max-image-preview:large, max-video-preview:-1\" \/>\n<link rel=\"canonical\" href=\"https:\/\/damara.cat\/es\/el-inicio-de-la-vida\/\" \/>\n<meta property=\"og:locale\" content=\"es_ES\" \/>\n<meta property=\"og:type\" content=\"article\" \/>\n<meta property=\"og:title\" content=\"El inicio de la vida &#8226; El inicio de la vida %\" \/>\n<meta property=\"og:description\" content=\"Los a\u00f1os m\u00e1s sensibles son la etapa de la construcci\u00f3n de los buenos v\u00ednculos. De los 0 a los 6 a\u00f1os se construyen los pilares de la estructura psicol\u00f3gica del ni\u00f1o.  Por ello, hacer una crianza con apego y ofrecer un v\u00ednculo seguro es el mejor regalo que les podemos hacer para la vida. Para la salud del propio ni\u00f1o y para la salud de la sociedad.  Ni\u00f1os con una estabilidad, abiertos a la vida, con una estructura psicol\u00f3gica fuerte har\u00e1n sociedades con valores m\u00e1s humanos, que estar\u00e1n al servicio de las personas y no del capital. Los a\u00f1os m\u00e1s sensibles son la etapa de la construcci\u00f3n de los buenos v\u00ednculos. De los 0 a los 6 a\u00f1os se construyen los pilares de la estructura psicol\u00f3gica del ni\u00f1o. Por ello, hacer una crianza con apego y ofrecer un v\u00ednculo seguro es el mejor regalo que les podemos hacer para la vida. Para la salud del propio ni\u00f1o y para la salud de la sociedad.\" \/>\n<meta property=\"og:url\" content=\"https:\/\/damara.cat\/es\/el-inicio-de-la-vida\/\" \/>\n<meta property=\"og:site_name\" content=\"Damara\" \/>\n<meta property=\"article:publisher\" content=\"https:\/\/www.facebook.com\/damara.cat\/\" \/>\n<meta property=\"article:published_time\" content=\"2021-09-06T10:46:06+00:00\" \/>\n<meta property=\"article:modified_time\" content=\"2023-06-12T10:24:02+00:00\" \/>\n<meta property=\"og:image\" content=\"https:\/\/damara.cat\/wp-content\/uploads\/2020\/02\/linici-de-la-vida-damara-acompanyament-terapeutic-a-infants.jpg\" \/>\n\t<meta property=\"og:image:width\" content=\"900\" \/>\n\t<meta property=\"og:image:height\" content=\"450\" \/>\n\t<meta property=\"og:image:type\" content=\"image\/jpeg\" \/>\n<meta name=\"author\" content=\"Damara\" \/>\n<meta name=\"twitter:card\" content=\"summary_large_image\" \/>\n<meta name=\"twitter:label1\" content=\"Escrito por\" \/>\n\t<meta name=\"twitter:data1\" content=\"Damara\" \/>\n\t<meta name=\"twitter:label2\" content=\"Tiempo de lectura\" \/>\n\t<meta name=\"twitter:data2\" content=\"7 minutos\" \/>\n<script type=\"application\/ld+json\" class=\"yoast-schema-graph\">{\"@context\":\"https:\\\/\\\/schema.org\",\"@graph\":[{\"@type\":\"Article\",\"@id\":\"https:\\\/\\\/damara.cat\\\/es\\\/el-inicio-de-la-vida\\\/#article\",\"isPartOf\":{\"@id\":\"https:\\\/\\\/damara.cat\\\/es\\\/el-inicio-de-la-vida\\\/\"},\"author\":{\"name\":\"Damara\",\"@id\":\"https:\\\/\\\/damara.cat\\\/es\\\/#\\\/schema\\\/person\\\/be357b9b286d46d0d4be312e87dbb6cb\"},\"headline\":\"El inicio de la vida\",\"datePublished\":\"2021-09-06T10:46:06+00:00\",\"dateModified\":\"2023-06-12T10:24:02+00:00\",\"mainEntityOfPage\":{\"@id\":\"https:\\\/\\\/damara.cat\\\/es\\\/el-inicio-de-la-vida\\\/\"},\"wordCount\":1645,\"publisher\":{\"@id\":\"https:\\\/\\\/damara.cat\\\/es\\\/#organization\"},\"image\":{\"@id\":\"https:\\\/\\\/damara.cat\\\/es\\\/el-inicio-de-la-vida\\\/#primaryimage\"},\"thumbnailUrl\":\"https:\\\/\\\/damara.cat\\\/wp-content\\\/uploads\\\/2020\\\/02\\\/linici-de-la-vida-damara-acompanyament-terapeutic-a-infants.jpg\",\"articleSection\":[\"ni\u00f1os y familias\"],\"inLanguage\":\"es\"},{\"@type\":\"WebPage\",\"@id\":\"https:\\\/\\\/damara.cat\\\/es\\\/el-inicio-de-la-vida\\\/\",\"url\":\"https:\\\/\\\/damara.cat\\\/es\\\/el-inicio-de-la-vida\\\/\",\"name\":\"El inicio de la vida &#8226; El inicio de la vida %\",\"isPartOf\":{\"@id\":\"https:\\\/\\\/damara.cat\\\/es\\\/#website\"},\"primaryImageOfPage\":{\"@id\":\"https:\\\/\\\/damara.cat\\\/es\\\/el-inicio-de-la-vida\\\/#primaryimage\"},\"image\":{\"@id\":\"https:\\\/\\\/damara.cat\\\/es\\\/el-inicio-de-la-vida\\\/#primaryimage\"},\"thumbnailUrl\":\"https:\\\/\\\/damara.cat\\\/wp-content\\\/uploads\\\/2020\\\/02\\\/linici-de-la-vida-damara-acompanyament-terapeutic-a-infants.jpg\",\"datePublished\":\"2021-09-06T10:46:06+00:00\",\"dateModified\":\"2023-06-12T10:24:02+00:00\",\"description\":\"Los a\u00f1os m\u00e1s sensibles son la etapa de la construcci\u00f3n de los buenos v\u00ednculos. De los 0 a los 6 a\u00f1os se construyen los pilares de la estructura psicol\u00f3gica del ni\u00f1o. Por ello, hacer una crianza con apego y ofrecer un v\u00ednculo seguro es el mejor regalo que les podemos hacer para la vida. Para la salud del propio ni\u00f1o y para la salud de la sociedad. Ni\u00f1os con una estabilidad, abiertos a la vida, con una estructura psicol\u00f3gica fuerte har\u00e1n sociedades con valores m\u00e1s humanos, que estar\u00e1n al servicio de las personas y no del capital. Los a\u00f1os m\u00e1s sensibles son la etapa de la construcci\u00f3n de los buenos v\u00ednculos. De los 0 a los 6 a\u00f1os se construyen los pilares de la estructura psicol\u00f3gica del ni\u00f1o. Por ello, hacer una crianza con apego y ofrecer un v\u00ednculo seguro es el mejor regalo que les podemos hacer para la vida. Para la salud del propio ni\u00f1o y para la salud de la sociedad.\",\"breadcrumb\":{\"@id\":\"https:\\\/\\\/damara.cat\\\/es\\\/el-inicio-de-la-vida\\\/#breadcrumb\"},\"inLanguage\":\"es\",\"potentialAction\":[{\"@type\":\"ReadAction\",\"target\":[\"https:\\\/\\\/damara.cat\\\/es\\\/el-inicio-de-la-vida\\\/\"]}]},{\"@type\":\"ImageObject\",\"inLanguage\":\"es\",\"@id\":\"https:\\\/\\\/damara.cat\\\/es\\\/el-inicio-de-la-vida\\\/#primaryimage\",\"url\":\"https:\\\/\\\/damara.cat\\\/wp-content\\\/uploads\\\/2020\\\/02\\\/linici-de-la-vida-damara-acompanyament-terapeutic-a-infants.jpg\",\"contentUrl\":\"https:\\\/\\\/damara.cat\\\/wp-content\\\/uploads\\\/2020\\\/02\\\/linici-de-la-vida-damara-acompanyament-terapeutic-a-infants.jpg\",\"width\":900,\"height\":450,\"caption\":\"l'inici de la vida damara acompanyament terapeutic a infants\"},{\"@type\":\"BreadcrumbList\",\"@id\":\"https:\\\/\\\/damara.cat\\\/es\\\/el-inicio-de-la-vida\\\/#breadcrumb\",\"itemListElement\":[{\"@type\":\"ListItem\",\"position\":1,\"name\":\"Portada\",\"item\":\"https:\\\/\\\/damara.cat\\\/es\\\/\"},{\"@type\":\"ListItem\",\"position\":2,\"name\":\"El inicio de la vida\"}]},{\"@type\":\"WebSite\",\"@id\":\"https:\\\/\\\/damara.cat\\\/es\\\/#website\",\"url\":\"https:\\\/\\\/damara.cat\\\/es\\\/\",\"name\":\"Damara\",\"description\":\"Acompanyament a infants i fam\u00edlies\",\"publisher\":{\"@id\":\"https:\\\/\\\/damara.cat\\\/es\\\/#organization\"},\"potentialAction\":[{\"@type\":\"SearchAction\",\"target\":{\"@type\":\"EntryPoint\",\"urlTemplate\":\"https:\\\/\\\/damara.cat\\\/es\\\/?s={search_term_string}\"},\"query-input\":{\"@type\":\"PropertyValueSpecification\",\"valueRequired\":true,\"valueName\":\"search_term_string\"}}],\"inLanguage\":\"es\"},{\"@type\":\"Organization\",\"@id\":\"https:\\\/\\\/damara.cat\\\/es\\\/#organization\",\"name\":\"Damara\",\"url\":\"https:\\\/\\\/damara.cat\\\/es\\\/\",\"logo\":{\"@type\":\"ImageObject\",\"inLanguage\":\"es\",\"@id\":\"https:\\\/\\\/damara.cat\\\/es\\\/#\\\/schema\\\/logo\\\/image\\\/\",\"url\":\"https:\\\/\\\/damara.cat\\\/wp-content\\\/uploads\\\/2019\\\/03\\\/Damara-acompanyament-a-infants-i-families-1000-2.png\",\"contentUrl\":\"https:\\\/\\\/damara.cat\\\/wp-content\\\/uploads\\\/2019\\\/03\\\/Damara-acompanyament-a-infants-i-families-1000-2.png\",\"width\":1000,\"height\":538,\"caption\":\"Damara\"},\"image\":{\"@id\":\"https:\\\/\\\/damara.cat\\\/es\\\/#\\\/schema\\\/logo\\\/image\\\/\"},\"sameAs\":[\"https:\\\/\\\/www.facebook.com\\\/damara.cat\\\/\"]},{\"@type\":\"Person\",\"@id\":\"https:\\\/\\\/damara.cat\\\/es\\\/#\\\/schema\\\/person\\\/be357b9b286d46d0d4be312e87dbb6cb\",\"name\":\"Damara\",\"image\":{\"@type\":\"ImageObject\",\"inLanguage\":\"es\",\"@id\":\"https:\\\/\\\/secure.gravatar.com\\\/avatar\\\/f85b2e6190c037f7ffd5eee1e37bdde00fd4de820fab3b8141ebc35eee92b369?s=96&d=mm&r=g\",\"url\":\"https:\\\/\\\/secure.gravatar.com\\\/avatar\\\/f85b2e6190c037f7ffd5eee1e37bdde00fd4de820fab3b8141ebc35eee92b369?s=96&d=mm&r=g\",\"contentUrl\":\"https:\\\/\\\/secure.gravatar.com\\\/avatar\\\/f85b2e6190c037f7ffd5eee1e37bdde00fd4de820fab3b8141ebc35eee92b369?s=96&d=mm&r=g\",\"caption\":\"Damara\"},\"sameAs\":[\"https:\\\/\\\/damara.cat\"]}]}<\/script>\n<!-- \/ Yoast SEO plugin. -->","yoast_head_json":{"title":"El inicio de la vida &#8226; El inicio de la vida %","description":"Los a\u00f1os m\u00e1s sensibles son la etapa de la construcci\u00f3n de los buenos v\u00ednculos. De los 0 a los 6 a\u00f1os se construyen los pilares de la estructura psicol\u00f3gica del ni\u00f1o.  Por ello, hacer una crianza con apego y ofrecer un v\u00ednculo seguro es el mejor regalo que les podemos hacer para la vida. Para la salud del propio ni\u00f1o y para la salud de la sociedad.  Ni\u00f1os con una estabilidad, abiertos a la vida, con una estructura psicol\u00f3gica fuerte har\u00e1n sociedades con valores m\u00e1s humanos, que estar\u00e1n al servicio de las personas y no del capital. Los a\u00f1os m\u00e1s sensibles son la etapa de la construcci\u00f3n de los buenos v\u00ednculos. De los 0 a los 6 a\u00f1os se construyen los pilares de la estructura psicol\u00f3gica del ni\u00f1o. Por ello, hacer una crianza con apego y ofrecer un v\u00ednculo seguro es el mejor regalo que les podemos hacer para la vida. Para la salud del propio ni\u00f1o y para la salud de la sociedad.","robots":{"index":"index","follow":"follow","max-snippet":"max-snippet:-1","max-image-preview":"max-image-preview:large","max-video-preview":"max-video-preview:-1"},"canonical":"https:\/\/damara.cat\/es\/el-inicio-de-la-vida\/","og_locale":"es_ES","og_type":"article","og_title":"El inicio de la vida &#8226; El inicio de la vida %","og_description":"Los a\u00f1os m\u00e1s sensibles son la etapa de la construcci\u00f3n de los buenos v\u00ednculos. De los 0 a los 6 a\u00f1os se construyen los pilares de la estructura psicol\u00f3gica del ni\u00f1o.  Por ello, hacer una crianza con apego y ofrecer un v\u00ednculo seguro es el mejor regalo que les podemos hacer para la vida. Para la salud del propio ni\u00f1o y para la salud de la sociedad.  Ni\u00f1os con una estabilidad, abiertos a la vida, con una estructura psicol\u00f3gica fuerte har\u00e1n sociedades con valores m\u00e1s humanos, que estar\u00e1n al servicio de las personas y no del capital. Los a\u00f1os m\u00e1s sensibles son la etapa de la construcci\u00f3n de los buenos v\u00ednculos. De los 0 a los 6 a\u00f1os se construyen los pilares de la estructura psicol\u00f3gica del ni\u00f1o. Por ello, hacer una crianza con apego y ofrecer un v\u00ednculo seguro es el mejor regalo que les podemos hacer para la vida. Para la salud del propio ni\u00f1o y para la salud de la sociedad.","og_url":"https:\/\/damara.cat\/es\/el-inicio-de-la-vida\/","og_site_name":"Damara","article_publisher":"https:\/\/www.facebook.com\/damara.cat\/","article_published_time":"2021-09-06T10:46:06+00:00","article_modified_time":"2023-06-12T10:24:02+00:00","og_image":[{"width":900,"height":450,"url":"https:\/\/damara.cat\/wp-content\/uploads\/2020\/02\/linici-de-la-vida-damara-acompanyament-terapeutic-a-infants.jpg","type":"image\/jpeg"}],"author":"Damara","twitter_card":"summary_large_image","twitter_misc":{"Escrito por":"Damara","Tiempo de lectura":"7 minutos"},"schema":{"@context":"https:\/\/schema.org","@graph":[{"@type":"Article","@id":"https:\/\/damara.cat\/es\/el-inicio-de-la-vida\/#article","isPartOf":{"@id":"https:\/\/damara.cat\/es\/el-inicio-de-la-vida\/"},"author":{"name":"Damara","@id":"https:\/\/damara.cat\/es\/#\/schema\/person\/be357b9b286d46d0d4be312e87dbb6cb"},"headline":"El inicio de la vida","datePublished":"2021-09-06T10:46:06+00:00","dateModified":"2023-06-12T10:24:02+00:00","mainEntityOfPage":{"@id":"https:\/\/damara.cat\/es\/el-inicio-de-la-vida\/"},"wordCount":1645,"publisher":{"@id":"https:\/\/damara.cat\/es\/#organization"},"image":{"@id":"https:\/\/damara.cat\/es\/el-inicio-de-la-vida\/#primaryimage"},"thumbnailUrl":"https:\/\/damara.cat\/wp-content\/uploads\/2020\/02\/linici-de-la-vida-damara-acompanyament-terapeutic-a-infants.jpg","articleSection":["ni\u00f1os y familias"],"inLanguage":"es"},{"@type":"WebPage","@id":"https:\/\/damara.cat\/es\/el-inicio-de-la-vida\/","url":"https:\/\/damara.cat\/es\/el-inicio-de-la-vida\/","name":"El inicio de la vida &#8226; El inicio de la vida %","isPartOf":{"@id":"https:\/\/damara.cat\/es\/#website"},"primaryImageOfPage":{"@id":"https:\/\/damara.cat\/es\/el-inicio-de-la-vida\/#primaryimage"},"image":{"@id":"https:\/\/damara.cat\/es\/el-inicio-de-la-vida\/#primaryimage"},"thumbnailUrl":"https:\/\/damara.cat\/wp-content\/uploads\/2020\/02\/linici-de-la-vida-damara-acompanyament-terapeutic-a-infants.jpg","datePublished":"2021-09-06T10:46:06+00:00","dateModified":"2023-06-12T10:24:02+00:00","description":"Los a\u00f1os m\u00e1s sensibles son la etapa de la construcci\u00f3n de los buenos v\u00ednculos. De los 0 a los 6 a\u00f1os se construyen los pilares de la estructura psicol\u00f3gica del ni\u00f1o. Por ello, hacer una crianza con apego y ofrecer un v\u00ednculo seguro es el mejor regalo que les podemos hacer para la vida. Para la salud del propio ni\u00f1o y para la salud de la sociedad. Ni\u00f1os con una estabilidad, abiertos a la vida, con una estructura psicol\u00f3gica fuerte har\u00e1n sociedades con valores m\u00e1s humanos, que estar\u00e1n al servicio de las personas y no del capital. Los a\u00f1os m\u00e1s sensibles son la etapa de la construcci\u00f3n de los buenos v\u00ednculos. De los 0 a los 6 a\u00f1os se construyen los pilares de la estructura psicol\u00f3gica del ni\u00f1o. Por ello, hacer una crianza con apego y ofrecer un v\u00ednculo seguro es el mejor regalo que les podemos hacer para la vida. Para la salud del propio ni\u00f1o y para la salud de la sociedad.","breadcrumb":{"@id":"https:\/\/damara.cat\/es\/el-inicio-de-la-vida\/#breadcrumb"},"inLanguage":"es","potentialAction":[{"@type":"ReadAction","target":["https:\/\/damara.cat\/es\/el-inicio-de-la-vida\/"]}]},{"@type":"ImageObject","inLanguage":"es","@id":"https:\/\/damara.cat\/es\/el-inicio-de-la-vida\/#primaryimage","url":"https:\/\/damara.cat\/wp-content\/uploads\/2020\/02\/linici-de-la-vida-damara-acompanyament-terapeutic-a-infants.jpg","contentUrl":"https:\/\/damara.cat\/wp-content\/uploads\/2020\/02\/linici-de-la-vida-damara-acompanyament-terapeutic-a-infants.jpg","width":900,"height":450,"caption":"l'inici de la vida damara acompanyament terapeutic a infants"},{"@type":"BreadcrumbList","@id":"https:\/\/damara.cat\/es\/el-inicio-de-la-vida\/#breadcrumb","itemListElement":[{"@type":"ListItem","position":1,"name":"Portada","item":"https:\/\/damara.cat\/es\/"},{"@type":"ListItem","position":2,"name":"El inicio de la vida"}]},{"@type":"WebSite","@id":"https:\/\/damara.cat\/es\/#website","url":"https:\/\/damara.cat\/es\/","name":"Damara","description":"Acompanyament a infants i fam\u00edlies","publisher":{"@id":"https:\/\/damara.cat\/es\/#organization"},"potentialAction":[{"@type":"SearchAction","target":{"@type":"EntryPoint","urlTemplate":"https:\/\/damara.cat\/es\/?s={search_term_string}"},"query-input":{"@type":"PropertyValueSpecification","valueRequired":true,"valueName":"search_term_string"}}],"inLanguage":"es"},{"@type":"Organization","@id":"https:\/\/damara.cat\/es\/#organization","name":"Damara","url":"https:\/\/damara.cat\/es\/","logo":{"@type":"ImageObject","inLanguage":"es","@id":"https:\/\/damara.cat\/es\/#\/schema\/logo\/image\/","url":"https:\/\/damara.cat\/wp-content\/uploads\/2019\/03\/Damara-acompanyament-a-infants-i-families-1000-2.png","contentUrl":"https:\/\/damara.cat\/wp-content\/uploads\/2019\/03\/Damara-acompanyament-a-infants-i-families-1000-2.png","width":1000,"height":538,"caption":"Damara"},"image":{"@id":"https:\/\/damara.cat\/es\/#\/schema\/logo\/image\/"},"sameAs":["https:\/\/www.facebook.com\/damara.cat\/"]},{"@type":"Person","@id":"https:\/\/damara.cat\/es\/#\/schema\/person\/be357b9b286d46d0d4be312e87dbb6cb","name":"Damara","image":{"@type":"ImageObject","inLanguage":"es","@id":"https:\/\/secure.gravatar.com\/avatar\/f85b2e6190c037f7ffd5eee1e37bdde00fd4de820fab3b8141ebc35eee92b369?s=96&d=mm&r=g","url":"https:\/\/secure.gravatar.com\/avatar\/f85b2e6190c037f7ffd5eee1e37bdde00fd4de820fab3b8141ebc35eee92b369?s=96&d=mm&r=g","contentUrl":"https:\/\/secure.gravatar.com\/avatar\/f85b2e6190c037f7ffd5eee1e37bdde00fd4de820fab3b8141ebc35eee92b369?s=96&d=mm&r=g","caption":"Damara"},"sameAs":["https:\/\/damara.cat"]}]}},"_links":{"self":[{"href":"https:\/\/damara.cat\/es\/wp-json\/wp\/v2\/posts\/24799","targetHints":{"allow":["GET"]}}],"collection":[{"href":"https:\/\/damara.cat\/es\/wp-json\/wp\/v2\/posts"}],"about":[{"href":"https:\/\/damara.cat\/es\/wp-json\/wp\/v2\/types\/post"}],"author":[{"embeddable":true,"href":"https:\/\/damara.cat\/es\/wp-json\/wp\/v2\/users\/4"}],"replies":[{"embeddable":true,"href":"https:\/\/damara.cat\/es\/wp-json\/wp\/v2\/comments?post=24799"}],"version-history":[{"count":0,"href":"https:\/\/damara.cat\/es\/wp-json\/wp\/v2\/posts\/24799\/revisions"}],"wp:featuredmedia":[{"embeddable":true,"href":"https:\/\/damara.cat\/es\/wp-json\/wp\/v2\/media\/25327"}],"wp:attachment":[{"href":"https:\/\/damara.cat\/es\/wp-json\/wp\/v2\/media?parent=24799"}],"wp:term":[{"taxonomy":"category","embeddable":true,"href":"https:\/\/damara.cat\/es\/wp-json\/wp\/v2\/categories?post=24799"},{"taxonomy":"post_tag","embeddable":true,"href":"https:\/\/damara.cat\/es\/wp-json\/wp\/v2\/tags?post=24799"}],"curies":[{"name":"wp","href":"https:\/\/api.w.org\/{rel}","templated":true}]}}